[{"@context":"https:\/\/schema.org\/","@type":"Article","@id":"https:\/\/www.graether.cz\/bude-se-vam-doma-lepe-dychat\/#Article","mainEntityOfPage":"https:\/\/www.graether.cz\/bude-se-vam-doma-lepe-dychat\/","headline":"Bude se v\u00e1m doma l\u00e9pe d\u00fdchat","name":"Bude se v\u00e1m doma l\u00e9pe d\u00fdchat","description":"Pokud nechcete l\u00e9to tr\u00e1vit v takov\u00e9 v\u00fdhni jako v minul\u00fdch letech, m\u011bli byste p\u0159em\u00fd\u0161let o tom, jak se tentokr\u00e1t n\u00e1poru hork\u00e9ho vzduchu ubr\u00e1nit alespo\u0148 doma. Bude se v\u00e1m doma l\u00e9pe d\u00fdchat Ka\u017ed\u00fdm rokem p\u0159ich\u00e1z\u00ed od \u010dervna do konce srpna do \u010desk\u00fdch zem\u00ed vlna veder, kter\u00e1 zde jsou po celou dobu pr\u00e1zdnin. Zat\u00edmco poprv\u00e9 to bylo...","datePublished":"2020-05-09","dateModified":"2020-05-09","author":{"@type":"Person","@id":"https:\/\/www.graether.cz\/author\/#Person","name":"","url":"https:\/\/www.graether.cz\/author\/","identifier":1,"image":{"@type":"ImageObject","@id":"https:\/\/secure.gravatar.com\/avatar\/a1f3afbcba6a2c855138f9932fa7e5ab7d93bdcdef3da88e8b7e3a89881e43e8?s=96&d=mm&r=g","url":"https:\/\/secure.gravatar.com\/avatar\/a1f3afbcba6a2c855138f9932fa7e5ab7d93bdcdef3da88e8b7e3a89881e43e8?s=96&d=mm&r=g","height":96,"width":96}},"publisher":{"@type":"Organization","name":"graether.cz","logo":{"@type":"ImageObject","@id":"\/logo.png","url":"\/logo.png","width":600,"height":60}},"image":{"@type":"ImageObject","@id":"https:\/\/www.graether.cz\/wp-content\/uploads\/Klimatizace%20na%20dom%C4%9B.jpg","url":"https:\/\/www.graether.cz\/wp-content\/uploads\/Klimatizace%20na%20dom%C4%9B.jpg","height":0,"width":0},"url":"https:\/\/www.graether.cz\/bude-se-vam-doma-lepe-dychat\/","about":["V\u011bda"],"wordCount":454,"articleBody":"   Pokud nechcete l\u00e9to tr\u00e1vit v takov\u00e9 v\u00fdhni jako v minul\u00fdch letech, m\u011bli byste p\u0159em\u00fd\u0161let o tom, jak se tentokr\u00e1t n\u00e1poru hork\u00e9ho vzduchu ubr\u00e1nit alespo\u0148 doma.Bude se v\u00e1m doma l\u00e9pe d\u00fdchatKa\u017ed\u00fdm rokem p\u0159ich\u00e1z\u00ed od \u010dervna do konce srpna do \u010desk\u00fdch zem\u00ed vlna veder, kter\u00e1 zde jsou po celou dobu pr\u00e1zdnin. Zat\u00edmco poprv\u00e9 to bylo n\u011bco nov\u00e9ho a hodn\u011b lid\u00ed si to u\u017e\u00edvalo, dnes u\u017e na tropick\u00e9 teploty nen\u00ed moc lid\u00ed zv\u011bdav\u00fdch. Nen\u00ed se ani \u010demu divit. H\u016f\u0159 se d\u00fdch\u00e1, h\u016f\u0159 se sp\u00ed a tak\u00e9 se \u010dlov\u011bk neust\u00e1le pot\u00ed. V takov\u00fdch dnech by bylo nejlep\u0161\u00ed zav\u0159\u00edt se do ledni\u010dky a v\u016fbec nevych\u00e1zet. To samoz\u0159ejm\u011b ale nejde, jeliko\u017e mus\u00edme norm\u00e1ln\u011b fungovat, a to i u sebe doma. Ochladit se m\u016f\u017eete tak akor\u00e1t ledovou vodou nebo pivem. Ov\u0161em ani to p\u0159\u00edli\u0161 nepom\u00e1h\u00e1.\u0158e\u0161en\u00edm m\u016f\u017ee b\u00fdt klimatizace praha https:\/\/elmontech.cz\/klimatizace\/, kter\u00e1 dok\u00e1\u017ee vytvo\u0159it v interi\u00e9ru p\u0159\u00edjemnou tepelnou pohodu. Sta\u010d\u00ed jen zav\u0159\u00edt okna a pustit ji na pln\u00e9 pecky. Dok\u00e1\u017ee ochladit jak v parn\u00fdch dnech, tak i b\u011bhem hork\u00fdch noc\u00ed. Rozhodn\u011b se jedn\u00e1 o velice dob\u0159e investovan\u00e9 pen\u00edze.Je v\u0161eobecn\u011b zn\u00e1mo, \u017ee s dobrou klimatizac\u00ed se d\u00e1 vytvo\u0159it v interi\u00e9ru p\u0159\u00edjemn\u00e9 prost\u0159ed\u00ed, ale tak\u00e9 je zn\u00e1mo, \u017ee se nejedn\u00e1 o v\u016fbec levnou z\u00e1le\u017eitost. Tohle je sice pravda, ale pouze z \u010d\u00e1sti. Klidn\u011b si m\u016f\u017eete po\u0159\u00eddit model, kter\u00fd sice nenab\u00edz\u00ed takov\u00e9 mo\u017enosti jako dra\u017e\u0161\u00ed typy, ale na druhou stranu se d\u00e1 po\u0159\u00eddit za doslova p\u00e1r tis\u00edcovek, co\u017e nejsou dnes ji\u017e \u017e\u00e1dn\u00e9 velk\u00e9 pen\u00edze. Hlavn\u00edmi rozd\u00edly mezi levn\u00fdm a drah\u00fdm typem spo\u010d\u00edvaj\u00ed v mo\u017enostech. Zat\u00edmco levn\u011bj\u0161\u00ed modely pouze chlad\u00ed, ty dra\u017e\u0161\u00ed jsou schopny i vytv\u00e1\u0159et teplo, co\u017e se hod\u00ed samoz\u0159ejm\u011b hlavn\u011b v zim\u011b.Lep\u0161\u00ed ne\u017e v\u011btr\u00e1kPo\u0159\u00e1d se zde ale nab\u00edz\u00ed ot\u00e1zka, pro\u010d si po\u0159izovat jakoukoliv klimatizaci, kdy\u017e m\u016f\u017eete m\u00edt klidn\u011b i oby\u010dejn\u00fd v\u011btr\u00e1k, kter\u00fd stoj\u00ed daleko m\u00e9n\u011b? Na to je jednoduch\u00e9 odpov\u011b\u010f. Jednak v\u011btr\u00e1k nen\u00ed tak efektivn\u00ed, zvl\u00e1\u0161t\u011b pak ve v\u011bt\u0161\u00edch m\u00edstnostech, jednak v\u00ed\u0159\u00ed prach a dal\u0161\u00ed p\u0159\u00edpadn\u00e9 alergeny, co\u017e nen\u00ed efekt, kter\u00e9ho byste cht\u011bli doma dos\u00e1hnout. Klimatizace samoz\u0159ejm\u011b vzduch v\u00ed\u0159\u00ed rovn\u011b\u017e, ale na rozd\u00edl od v\u011btr\u00e1k\u016f maj\u00ed filtr, kter\u00fd zachyt\u00e1v\u00e1 obdobn\u00e9 \u010d\u00e1stice.                                                                                                                                                                                                                                                                                                                                                                                          4.7\/5 - (3 votes)        "},{"@context":"https:\/\/schema.org\/","@type":"BreadcrumbList","itemListElement":[{"@type":"ListItem","position":1,"name":"Bude se v\u00e1m doma l\u00e9pe d\u00fdchat","item":"https:\/\/www.graether.cz\/bude-se-vam-doma-lepe-dychat\/#breadcrumbitem"}]}]