{"@context":"https:\/\/schema.org\/","@type":"CollectionPage","@id":"https:\/\/www.graether.cz\/business\/#CollectionPage","headline":"Business Category","description":"","url":"https:\/\/www.graether.cz\/business\/","hasPart":[{"@type":"Article","@id":"https:\/\/www.graether.cz\/hledate-zubare\/","headline":"Hled\u00e1te zuba\u0159e?","url":"https:\/\/www.graether.cz\/hledate-zubare\/","datePublished":"2023-03-19","dateModified":"2023-04-25","mainEntityOfPage":"https:\/\/www.graether.cz\/hledate-zubare\/","author":{"@type":"Person","@id":"https:\/\/www.graether.cz\/author\/#Person","name":"","url":"https:\/\/www.graether.cz\/author\/","identifier":1,"image":{"@type":"ImageObject","@id":"https:\/\/secure.gravatar.com\/avatar\/a1f3afbcba6a2c855138f9932fa7e5ab7d93bdcdef3da88e8b7e3a89881e43e8?s=96&d=mm&r=g","url":"https:\/\/secure.gravatar.com\/avatar\/a1f3afbcba6a2c855138f9932fa7e5ab7d93bdcdef3da88e8b7e3a89881e43e8?s=96&d=mm&r=g","height":96,"width":96}},"publisher":{"@type":"Organization","name":"graether.cz","logo":{"@type":"ImageObject","@id":"\/logo.png","url":"\/logo.png","width":600,"height":60}},"image":{"@type":"ImageObject","@id":"https:\/\/www.graether.cz\/wp-content\/uploads\/dentist-1639683_640(1)_8.jpg","url":"https:\/\/www.graether.cz\/wp-content\/uploads\/dentist-1639683_640(1)_8.jpg","height":0,"width":0},"keywords":null},{"@type":"Article","@id":"https:\/\/www.graether.cz\/jak-to-funguje-s-celnim-rizenim\/","headline":"Jak to funguje s celn\u00edm \u0159\u00edzen\u00edm?","url":"https:\/\/www.graether.cz\/jak-to-funguje-s-celnim-rizenim\/","datePublished":"2023-02-24","dateModified":"2023-04-25","mainEntityOfPage":"https:\/\/www.graether.cz\/jak-to-funguje-s-celnim-rizenim\/","author":{"@type":"Person","@id":"https:\/\/www.graether.cz\/author\/#Person","name":"","url":"https:\/\/www.graether.cz\/author\/","identifier":1,"image":{"@type":"ImageObject","@id":"https:\/\/secure.gravatar.com\/avatar\/a1f3afbcba6a2c855138f9932fa7e5ab7d93bdcdef3da88e8b7e3a89881e43e8?s=96&d=mm&r=g","url":"https:\/\/secure.gravatar.com\/avatar\/a1f3afbcba6a2c855138f9932fa7e5ab7d93bdcdef3da88e8b7e3a89881e43e8?s=96&d=mm&r=g","height":96,"width":96}},"publisher":{"@type":"Organization","name":"graether.cz","logo":{"@type":"ImageObject","@id":"\/logo.png","url":"\/logo.png","width":600,"height":60}},"image":{"@type":"ImageObject","@id":"https:\/\/www.graether.cz\/wp-content\/uploads\/bal_4.JPG","url":"https:\/\/www.graether.cz\/wp-content\/uploads\/bal_4.JPG","height":0,"width":0},"keywords":null},{"@type":"Article","@id":"https:\/\/www.graether.cz\/jak-bychom-meli-vyzdobit-sidlo-firmy\/","headline":"Jak bychom m\u011bli vyzdobit s\u00eddlo firmy","url":"https:\/\/www.graether.cz\/jak-bychom-meli-vyzdobit-sidlo-firmy\/","datePublished":"2023-02-23","dateModified":"2023-04-25","mainEntityOfPage":"https:\/\/www.graether.cz\/jak-bychom-meli-vyzdobit-sidlo-firmy\/","author":{"@type":"Person","@id":"https:\/\/www.graether.cz\/author\/#Person","name":"","url":"https:\/\/www.graether.cz\/author\/","identifier":1,"image":{"@type":"ImageObject","@id":"https:\/\/secure.gravatar.com\/avatar\/a1f3afbcba6a2c855138f9932fa7e5ab7d93bdcdef3da88e8b7e3a89881e43e8?s=96&d=mm&r=g","url":"https:\/\/secure.gravatar.com\/avatar\/a1f3afbcba6a2c855138f9932fa7e5ab7d93bdcdef3da88e8b7e3a89881e43e8?s=96&d=mm&r=g","height":96,"width":96}},"publisher":{"@type":"Organization","name":"graether.cz","logo":{"@type":"ImageObject","@id":"\/logo.png","url":"\/logo.png","width":600,"height":60}},"image":{"@type":"ImageObject","@id":"https:\/\/www.graether.cz\/wp-content\/uploads\/kancelar3.jpg","url":"https:\/\/www.graether.cz\/wp-content\/uploads\/kancelar3.jpg","height":0,"width":0},"keywords":null},{"@type":"Article","@id":"https:\/\/www.graether.cz\/chcete-firmu-zadarmo\/","headline":"Chcete firmu zadarmo?","url":"https:\/\/www.graether.cz\/chcete-firmu-zadarmo\/","datePublished":"2023-02-19","dateModified":"2023-04-25","mainEntityOfPage":"https:\/\/www.graether.cz\/chcete-firmu-zadarmo\/","author":{"@type":"Person","@id":"https:\/\/www.graether.cz\/author\/#Person","name":"","url":"https:\/\/www.graether.cz\/author\/","identifier":1,"image":{"@type":"ImageObject","@id":"https:\/\/secure.gravatar.com\/avatar\/a1f3afbcba6a2c855138f9932fa7e5ab7d93bdcdef3da88e8b7e3a89881e43e8?s=96&d=mm&r=g","url":"https:\/\/secure.gravatar.com\/avatar\/a1f3afbcba6a2c855138f9932fa7e5ab7d93bdcdef3da88e8b7e3a89881e43e8?s=96&d=mm&r=g","height":96,"width":96}},"publisher":{"@type":"Organization","name":"graether.cz","logo":{"@type":"ImageObject","@id":"\/logo.png","url":"\/logo.png","width":600,"height":60}},"image":{"@type":"ImageObject","@id":"https:\/\/www.graether.cz\/wp-content\/uploads\/city-4991094_960_720.jpg","url":"https:\/\/www.graether.cz\/wp-content\/uploads\/city-4991094_960_720.jpg","height":0,"width":0},"keywords":null},{"@type":"Article","@id":"https:\/\/www.graether.cz\/pronajimame-si-dodavku-pres-noc\/","headline":"Pronaj\u00edm\u00e1me si dod\u00e1vku p\u0159es noc","url":"https:\/\/www.graether.cz\/pronajimame-si-dodavku-pres-noc\/","datePublished":"2022-12-23","dateModified":"2023-04-25","mainEntityOfPage":"https:\/\/www.graether.cz\/pronajimame-si-dodavku-pres-noc\/","author":{"@type":"Person","@id":"https:\/\/www.graether.cz\/author\/#Person","name":"","url":"https:\/\/www.graether.cz\/author\/","identifier":1,"image":{"@type":"ImageObject","@id":"https:\/\/secure.gravatar.com\/avatar\/a1f3afbcba6a2c855138f9932fa7e5ab7d93bdcdef3da88e8b7e3a89881e43e8?s=96&d=mm&r=g","url":"https:\/\/secure.gravatar.com\/avatar\/a1f3afbcba6a2c855138f9932fa7e5ab7d93bdcdef3da88e8b7e3a89881e43e8?s=96&d=mm&r=g","height":96,"width":96}},"publisher":{"@type":"Organization","name":"graether.cz","logo":{"@type":"ImageObject","@id":"\/logo.png","url":"\/logo.png","width":600,"height":60}},"image":{"@type":"ImageObject","@id":"https:\/\/www.graether.cz\/wp-content\/uploads\/minivan-g1c73d5cba_640.png","url":"https:\/\/www.graether.cz\/wp-content\/uploads\/minivan-g1c73d5cba_640.png","height":0,"width":0},"keywords":null},{"@type":"Article","@id":"https:\/\/www.graether.cz\/jak-muzete-stahovat-videa-z-internetu\/","headline":"Jak m\u016f\u017eete stahovat videa z internetu?","url":"https:\/\/www.graether.cz\/jak-muzete-stahovat-videa-z-internetu\/","datePublished":"2022-10-14","dateModified":"2022-10-14","mainEntityOfPage":"https:\/\/www.graether.cz\/jak-muzete-stahovat-videa-z-internetu\/","author":{"@type":"Person","@id":"https:\/\/www.graether.cz\/author\/#Person","name":"","url":"https:\/\/www.graether.cz\/author\/","identifier":1,"image":{"@type":"ImageObject","@id":"https:\/\/secure.gravatar.com\/avatar\/a1f3afbcba6a2c855138f9932fa7e5ab7d93bdcdef3da88e8b7e3a89881e43e8?s=96&d=mm&r=g","url":"https:\/\/secure.gravatar.com\/avatar\/a1f3afbcba6a2c855138f9932fa7e5ab7d93bdcdef3da88e8b7e3a89881e43e8?s=96&d=mm&r=g","height":96,"width":96}},"publisher":{"@type":"Organization","name":"graether.cz","logo":{"@type":"ImageObject","@id":"\/logo.png","url":"\/logo.png","width":600,"height":60}},"image":{"@type":"ImageObject","@id":"https:\/\/www.graether.cz\/wp-content\/uploads\/pexels-cottonbro-studio-5081404.jpg","url":"https:\/\/www.graether.cz\/wp-content\/uploads\/pexels-cottonbro-studio-5081404.jpg","height":0,"width":0},"keywords":null},{"@type":"Article","@id":"https:\/\/www.graether.cz\/ucetnictvi-je-narocne\/","headline":"\u00da\u010detnictv\u00ed je n\u00e1ro\u010dn\u00e9","url":"https:\/\/www.graether.cz\/ucetnictvi-je-narocne\/","datePublished":"2022-09-18","dateModified":"2022-09-18","mainEntityOfPage":"https:\/\/www.graether.cz\/ucetnictvi-je-narocne\/","author":{"@type":"Person","@id":"https:\/\/www.graether.cz\/author\/#Person","name":"","url":"https:\/\/www.graether.cz\/author\/","identifier":1,"image":{"@type":"ImageObject","@id":"https:\/\/secure.gravatar.com\/avatar\/a1f3afbcba6a2c855138f9932fa7e5ab7d93bdcdef3da88e8b7e3a89881e43e8?s=96&d=mm&r=g","url":"https:\/\/secure.gravatar.com\/avatar\/a1f3afbcba6a2c855138f9932fa7e5ab7d93bdcdef3da88e8b7e3a89881e43e8?s=96&d=mm&r=g","height":96,"width":96}},"publisher":{"@type":"Organization","name":"graether.cz","logo":{"@type":"ImageObject","@id":"\/logo.png","url":"\/logo.png","width":600,"height":60}},"image":{"@type":"ImageObject","@id":"https:\/\/www.graether.cz\/wp-content\/uploads\/pap%C3%ADrov%C3%A9%20pen%C3%ADze_5.jpg","url":"https:\/\/www.graether.cz\/wp-content\/uploads\/pap%C3%ADrov%C3%A9%20pen%C3%ADze_5.jpg","height":0,"width":0},"keywords":null},{"@type":"Article","@id":"https:\/\/www.graether.cz\/za-to-abyste-byli-dobre-videt-nemusite-dat-cele-jmeni\/","headline":"Za to, abyste byli dob\u0159e vid\u011bt, nemus\u00edte d\u00e1t cel\u00e9 jm\u011bn\u00ed","url":"https:\/\/www.graether.cz\/za-to-abyste-byli-dobre-videt-nemusite-dat-cele-jmeni\/","datePublished":"2018-10-06","dateModified":"2018-10-06","mainEntityOfPage":"https:\/\/www.graether.cz\/za-to-abyste-byli-dobre-videt-nemusite-dat-cele-jmeni\/","author":{"@type":"Person","@id":"https:\/\/www.graether.cz\/author\/#Person","name":"","url":"https:\/\/www.graether.cz\/author\/","identifier":1,"image":{"@type":"ImageObject","@id":"https:\/\/secure.gravatar.com\/avatar\/a1f3afbcba6a2c855138f9932fa7e5ab7d93bdcdef3da88e8b7e3a89881e43e8?s=96&d=mm&r=g","url":"https:\/\/secure.gravatar.com\/avatar\/a1f3afbcba6a2c855138f9932fa7e5ab7d93bdcdef3da88e8b7e3a89881e43e8?s=96&d=mm&r=g","height":96,"width":96}},"publisher":{"@type":"Organization","name":"graether.cz","logo":{"@type":"ImageObject","@id":"\/logo.png","url":"\/logo.png","width":600,"height":60}},"image":{"@type":"ImageObject","@id":"https:\/\/www.graether.cz\/wp-content\/uploads\/img_a328053_w1714_t1540461143.jpg","url":"https:\/\/www.graether.cz\/wp-content\/uploads\/img_a328053_w1714_t1540461143.jpg","height":0,"width":0},"keywords":null}]}