[{"@context":"https:\/\/schema.org\/","@type":"Article","@id":"https:\/\/www.graether.cz\/jak-na-uklid\/#Article","mainEntityOfPage":"https:\/\/www.graether.cz\/jak-na-uklid\/","headline":"Jak na \u00faklid","name":"Jak na \u00faklid","description":"Je opravdu mnoho lid\u00ed a taky dom\u00e1cnost\u00ed, co t\u0159eba nemaj\u00ed \u010das na to, aby doma uklidili nebo udr\u017eovali dlouhodob\u011b \u010distotu a po\u0159\u00e1dek. A to ale nen\u00ed tak, \u017ee by ti lid\u00e9 byli l\u00edn\u00ed anebo byli n\u011bjak\u00e9 \u010du\u0148ata. Tohle v\u016fbec ne, proto\u017ee jsou lid\u00e9, kte\u0159\u00ed se t\u0159eba velice hodn\u011b pracovn\u011b vyt\u00ed\u017een\u00ed nebo t\u0159eba jezd\u00ed daleko do...","datePublished":"2022-11-29","dateModified":"2022-11-29","author":{"@type":"Person","@id":"https:\/\/www.graether.cz\/author\/#Person","name":"","url":"https:\/\/www.graether.cz\/author\/","identifier":1,"image":{"@type":"ImageObject","@id":"https:\/\/secure.gravatar.com\/avatar\/a1f3afbcba6a2c855138f9932fa7e5ab7d93bdcdef3da88e8b7e3a89881e43e8?s=96&d=mm&r=g","url":"https:\/\/secure.gravatar.com\/avatar\/a1f3afbcba6a2c855138f9932fa7e5ab7d93bdcdef3da88e8b7e3a89881e43e8?s=96&d=mm&r=g","height":96,"width":96}},"publisher":{"@type":"Organization","name":"graether.cz","logo":{"@type":"ImageObject","@id":"\/logo.png","url":"\/logo.png","width":600,"height":60}},"image":{"@type":"ImageObject","@id":"https:\/\/www.graether.cz\/wp-content\/uploads\/workers-6477163_960_720.jpg","url":"https:\/\/www.graether.cz\/wp-content\/uploads\/workers-6477163_960_720.jpg","height":0,"width":0},"url":"https:\/\/www.graether.cz\/jak-na-uklid\/","wordCount":428,"articleBody":"   Je opravdu mnoho lid\u00ed a taky dom\u00e1cnost\u00ed, co t\u0159eba nemaj\u00ed \u010das na to, aby doma uklidili nebo udr\u017eovali dlouhodob\u011b \u010distotu a po\u0159\u00e1dek. A to ale nen\u00ed tak, \u017ee by ti lid\u00e9 byli l\u00edn\u00ed anebo byli n\u011bjak\u00e9 \u010du\u0148ata. Tohle v\u016fbec ne, proto\u017ee jsou lid\u00e9, kte\u0159\u00ed se t\u0159eba velice hodn\u011b pracovn\u011b vyt\u00ed\u017een\u00ed nebo t\u0159eba jezd\u00ed daleko do pr\u00e1ce, tak\u017ee jim t\u0159eba cesta tam a zp\u00e1tky z pr\u00e1ce vyjde t\u0159eba na dv\u011b a p\u016fl hodiny. Tohle zn\u00e1m moc dob\u0159e, proto\u017ee m\u016fj p\u0159\u00edtel m\u011bl kdysi v pr\u00e1ci, kter\u00e1 mu zabrala jenom dv\u011b hodiny tak, \u017ee musel doj\u00ed\u017ed\u011bt do pr\u00e1ce. Potom byl deset hodin v pr\u00e1ci. Tak\u017ee to je vlastn\u011b \u00fapln\u011b cel\u00fd den, kdy byl pry\u010d a j\u00e1 jsem si p\u0159\u00edtele v\u016fbec neu\u017eila. A opravdu hodn\u011b m\u011b to mrzelo, tak\u017ee potom p\u0159\u00edtel nakonec zm\u011bnil pr\u00e1ci a byl v\u017edycky doma o t\u0159i hodiny d\u0159\u00edve ne\u017e kdysi. Proto jsem taky velice r\u00e1da, \u017ee existuj\u00ed profesion\u00e1ln\u00ed \u00faklidov\u00e9 slu\u017eby, a to t\u0159eba v Pardubic\u00edch. Profesion\u00e1ln\u00ed \u00faklidov\u00e9 slu\u017eby v Pardubic\u00edch jsou opravdu kvalitn\u00ed.Sice tyto \u00faklidov\u00e9 slu\u017eby nejsou jenom v Pardubic\u00edch, ale jsou opravdu z mnoha m\u011bstech, proto\u017ee jsou st\u00e1le v\u00edce a v\u00edce vyu\u017e\u00edv\u00e1ny. Pokud i v\u00e1s zaj\u00edmalo v\u00edce informac\u00ed o profesion\u00e1ln\u00ed \u00faklidov\u00e9 firm\u011b v Pardubic\u00edch, tak se pod\u00edvejte na webov\u00e9 str\u00e1nky mvcleaningservices.cz, kde najdete tak ikonku O n\u00e1s anebo slu\u017eby a dal\u0161\u00ed fotografie.Mnoh\u00e9 lidi zaj\u00edmaj\u00ed pr\u00e1v\u011b fotografie, jak to vypad\u00e1 anebo taky se zaj\u00edmaj\u00ed o slu\u017eby, jak\u00e9 firma MV cleaning Service v\u016fbec nab\u00edz\u00ed. Je tady taky kontakt, tak\u017ee pokud v\u00e1s zaj\u00edm\u00e1 v\u00edce informac\u00ed o profesion\u00e1ln\u00edm v \u00faklidu, tak se nebojte obr\u00e1tit na firmu, kter\u00e1 v\u00e1m v\u0161echno dopodrobna sd\u011bl\u00ed. Samoz\u0159ejm\u011b, \u017ee si tady m\u016f\u017eete slu\u017eby domluvit tak\u00e9 ur\u010dit\u00fd den a hodinu a taky se domluvit cenov\u011b, prost\u011b v\u0161echno, aby v\u00e1m v\u0161echno vyhovovalo. Spokojenost mus\u00ed b\u00fdt samoz\u0159ejm\u011b na obou stran\u00e1ch. Tak\u017ee \u00faklidov\u00e1 firma z Pardubic je opravdu skv\u011bl\u00e1, sta\u010d\u00ed se pod\u00edvat tak\u00e9 na jejich str\u00e1nky a uvid\u00edte, s k\u00fdm m\u00e1te tu \u010dest. Zat\u00edm co v\u00edm, tak si ka\u017ed\u00fd tuto firmu chv\u00e1l\u00ed.                                                                                                                                                                                                                                                                                                                                                                                           4\/5 - (5 votes)        "},{"@context":"https:\/\/schema.org\/","@type":"BreadcrumbList","itemListElement":[{"@type":"ListItem","position":1,"name":"Jak na \u00faklid","item":"https:\/\/www.graether.cz\/jak-na-uklid\/#breadcrumbitem"}]}]