[{"@context":"https:\/\/schema.org\/","@type":"Article","@id":"https:\/\/www.graether.cz\/krasne-retizky\/#Article","mainEntityOfPage":"https:\/\/www.graether.cz\/krasne-retizky\/","headline":"Kr\u00e1sn\u00e9 \u0159et\u00edzky","name":"Kr\u00e1sn\u00e9 \u0159et\u00edzky","description":"V\u017edycky jsem cht\u011bla n\u011bco origin\u00e1ln\u00edho. A proto, kdy\u017e m\u016fj p\u0159\u00edtel slavil narozeniny, tak jsem pro n\u011bj taky cht\u011bla n\u011bco, co nem\u00e1 jenom tak n\u011bkdo a co jenom tak nese\u017eene. Jenom\u017ee co to m\u00e1 b\u00fdt? St\u00e1le jsem v\u00e1hala, jestli mu m\u00e1m koupit n\u011bjak\u00fd skv\u011bl\u00fd wellness pobyt anebo jestli spolu pojedeme k mo\u0159i. Nebo by to by...","datePublished":"2023-04-19","dateModified":"2023-04-19","author":{"@type":"Person","@id":"https:\/\/www.graether.cz\/author\/#Person","name":"","url":"https:\/\/www.graether.cz\/author\/","identifier":1,"image":{"@type":"ImageObject","@id":"https:\/\/secure.gravatar.com\/avatar\/a1f3afbcba6a2c855138f9932fa7e5ab7d93bdcdef3da88e8b7e3a89881e43e8?s=96&d=mm&r=g","url":"https:\/\/secure.gravatar.com\/avatar\/a1f3afbcba6a2c855138f9932fa7e5ab7d93bdcdef3da88e8b7e3a89881e43e8?s=96&d=mm&r=g","height":96,"width":96}},"publisher":{"@type":"Organization","name":"graether.cz","logo":{"@type":"ImageObject","@id":"\/logo.png","url":"\/logo.png","width":600,"height":60}},"image":{"@type":"ImageObject","@id":"https:\/\/www.graether.cz\/wp-content\/uploads\/woman-1948939_960_720.jpg","url":"https:\/\/www.graether.cz\/wp-content\/uploads\/woman-1948939_960_720.jpg","height":0,"width":0},"url":"https:\/\/www.graether.cz\/krasne-retizky\/","about":["Nakupov\u00e1n\u00ed"],"wordCount":498,"articleBody":"   V\u017edycky jsem cht\u011bla n\u011bco origin\u00e1ln\u00edho. A proto, kdy\u017e m\u016fj p\u0159\u00edtel slavil narozeniny, tak jsem pro n\u011bj taky cht\u011bla n\u011bco, co nem\u00e1 jenom tak n\u011bkdo a co jenom tak nese\u017eene. Jenom\u017ee co to m\u00e1 b\u00fdt? St\u00e1le jsem v\u00e1hala, jestli mu m\u00e1m koupit n\u011bjak\u00fd skv\u011bl\u00fd wellness pobyt anebo jestli spolu pojedeme k mo\u0159i. Nebo by to by to v\u016fbec vhodn\u00e9? St\u00e1le jsem byla na v\u00e1\u017ek\u00e1ch a tak\u00e9 v rozpac\u00edch, nev\u011bd\u011bla jsem, co si o tom m\u00e1m myslet. Pen\u00edze jsem na to m\u011bla, tak\u017ee jsem uva\u017eovala i takhle. Ale na druhou stranu jsem si zase \u0159ekla, \u017ee kdy\u017e jsme spolu teprve dva roky, \u017ee by to bylo asi moc opulentn\u00ed, kdybych mu dala n\u011bjak\u00fd drah\u00fd wellness pobyt anebo kdybychom jeli k mo\u0159i. To t\u0159eba m\u016f\u017eeme a\u017e za dal\u0161\u00ed rok, pokud n\u00ed to spolu tak dlouho vydr\u017e\u00ed. Tak\u017ee jsem si dala je\u0161t\u011b chv\u00edli pauzu. A p\u0159em\u00fd\u0161lela jsem, co bych sv\u00e9mu p\u0159\u00edteli k narozenin\u00e1m mohla koupit. Potom m\u011b napadlo, \u017ee bychom si mohli po\u0159\u00eddit n\u011bco stejn\u00e9ho. Prvn\u011b jsem p\u0159em\u00fd\u0161lela, \u017ee se koup\u00edme stejn\u00e9 boty, \u017ee ty jedny d\u00e1m p\u0159\u00edteli k narozenin\u00e1m. Bude tak jist\u011b sranda. Ale potom mi moje kamar\u00e1dka uk\u00e1zala webov\u00e9 str\u00e1nky silvername.cz, kde prod\u00e1vaj\u00ed kr\u00e1sn\u00e9 st\u0159\u00edbrn\u00e9 \u0159et\u00edzky s jm\u00e9nem. A to bylo ono! Tohle je p\u0159esn\u011b to, co jsem hledala. St\u0159\u00edbrn\u00fd \u0159et\u00edzek se jm\u00e9nem. To bude naprosto geni\u00e1ln\u00ed, tak\u017ee jsem se s kamar\u00e1dkou domluvila, \u017ee j\u00ed moc d\u011bkuji, \u017ee mi uk\u00e1zala tyto webov\u00e9 str\u00e1nky.A j\u00e1 jsem v\u016fbec nev\u00e1hal a objednala jsem si dva \u0159et\u00edzky s jm\u00e9nem. A samoz\u0159ejm\u011b, \u017ee tam bylo moje jm\u00e9no a na druh\u00e9m \u0159et\u00edzku p\u0159\u00edtelovo jm\u00e9no. Je\u0161t\u011b chv\u00edli jsem v\u00e1hala, jestli si m\u00e1m nechat ten s jeho jm\u00e9nem a p\u0159\u00edteli d\u00e1t ten \u0159et\u00edzek s m\u00fdm jm\u00e9nem. Nakonec to dopadlo tak, \u017ee jsme si s p\u0159\u00edtelem prost\u011b jen vylosovali, a\u0165 to dopadne, tak jak m\u00e1. A na m\u011b nakonec byl s m\u00fdm jm\u00e9nem a p\u0159\u00edtel si nechal ten sv\u016fj se sv\u00fdm jm\u00e9nem. Mo\u017en\u00e1 to nen\u00ed tak moc origin\u00e1ln\u00ed, ale je to p\u011bkn\u00e9, a hlavn\u011b tak\u00e9 je to z l\u00e1sky. Takhle alespo\u0148 vid\u00edte, kdo v\u00e1s miluje. Tak\u017ee pokud i vy chcete st\u0159\u00edbrn\u00fd \u0159et\u00edzek se jm\u00e9nem, tak u\u017e v\u00edte, na jak\u00e9 webov\u00e9 str\u00e1nce je m\u00e1te hledat. V\u011b\u0159te mi, \u017ee je tady opravdu velik\u00e9 mno\u017estv\u00ed kr\u00e1sn\u00fdch st\u0159\u00edbrn\u00fdch \u0159et\u00edzk\u016f se jm\u00e9ny, \u017ee ani nebudete v\u011bd\u011bt, jak\u00fd si vybrat.                                                                                                                                                                                                                                                                                                                                                                                           3\/5 - (2 votes)        "},{"@context":"https:\/\/schema.org\/","@type":"BreadcrumbList","itemListElement":[{"@type":"ListItem","position":1,"name":"Kr\u00e1sn\u00e9 \u0159et\u00edzky","item":"https:\/\/www.graether.cz\/krasne-retizky\/#breadcrumbitem"}]}]