{"@context":"https:\/\/schema.org\/","@type":"CollectionPage","@id":"https:\/\/www.graether.cz\/kultura\/#CollectionPage","headline":"Kultura Category","description":"","url":"https:\/\/www.graether.cz\/kultura\/","hasPart":[{"@type":"Article","@id":"https:\/\/www.graether.cz\/mely-by-se-deti-ve-skole-ucit-o-ruznych-kulturach\/","headline":"M\u011bly by se d\u011bti ve \u0161kole u\u010dit o r\u016fzn\u00fdch kultur\u00e1ch?","url":"https:\/\/www.graether.cz\/mely-by-se-deti-ve-skole-ucit-o-ruznych-kulturach\/","datePublished":"2023-07-20","dateModified":"2024-05-20","mainEntityOfPage":"https:\/\/www.graether.cz\/mely-by-se-deti-ve-skole-ucit-o-ruznych-kulturach\/","author":{"@type":"Person","@id":"https:\/\/www.graether.cz\/author\/#Person","name":"","url":"https:\/\/www.graether.cz\/author\/","identifier":1,"image":{"@type":"ImageObject","@id":"https:\/\/secure.gravatar.com\/avatar\/a1f3afbcba6a2c855138f9932fa7e5ab7d93bdcdef3da88e8b7e3a89881e43e8?s=96&d=mm&r=g","url":"https:\/\/secure.gravatar.com\/avatar\/a1f3afbcba6a2c855138f9932fa7e5ab7d93bdcdef3da88e8b7e3a89881e43e8?s=96&d=mm&r=g","height":96,"width":96}},"publisher":{"@type":"Organization","name":"graether.cz","logo":{"@type":"ImageObject","@id":"\/logo.png","url":"\/logo.png","width":600,"height":60}},"image":{"@type":"ImageObject","@id":"https:\/\/www.graether.cz\/wp-content\/uploads\/skola3_10_6.jpg","url":"https:\/\/www.graether.cz\/wp-content\/uploads\/skola3_10_6.jpg","height":0,"width":0},"keywords":null},{"@type":"Article","@id":"https:\/\/www.graether.cz\/kulturni-dedictvi\/","headline":"Kulturn\u00ed d\u011bdictv\u00ed","url":"https:\/\/www.graether.cz\/kulturni-dedictvi\/","datePublished":"2023-04-03","dateModified":"2024-01-03","mainEntityOfPage":"https:\/\/www.graether.cz\/kulturni-dedictvi\/","author":{"@type":"Person","@id":"https:\/\/www.graether.cz\/author\/#Person","name":"","url":"https:\/\/www.graether.cz\/author\/","identifier":1,"image":{"@type":"ImageObject","@id":"https:\/\/secure.gravatar.com\/avatar\/a1f3afbcba6a2c855138f9932fa7e5ab7d93bdcdef3da88e8b7e3a89881e43e8?s=96&d=mm&r=g","url":"https:\/\/secure.gravatar.com\/avatar\/a1f3afbcba6a2c855138f9932fa7e5ab7d93bdcdef3da88e8b7e3a89881e43e8?s=96&d=mm&r=g","height":96,"width":96}},"publisher":{"@type":"Organization","name":"graether.cz","logo":{"@type":"ImageObject","@id":"\/logo.png","url":"\/logo.png","width":600,"height":60}},"image":{"@type":"ImageObject","@id":"https:\/\/www.graether.cz\/wp-content\/uploads\/africa-60570_1280.jpg","url":"https:\/\/www.graether.cz\/wp-content\/uploads\/africa-60570_1280.jpg","height":0,"width":0},"keywords":null},{"@type":"Article","@id":"https:\/\/www.graether.cz\/kultura-a-divadlo\/","headline":"Kultura a divadlo","url":"https:\/\/www.graether.cz\/kultura-a-divadlo\/","datePublished":"2023-01-10","dateModified":"2023-05-18","mainEntityOfPage":"https:\/\/www.graether.cz\/kultura-a-divadlo\/","author":{"@type":"Person","@id":"https:\/\/www.graether.cz\/author\/#Person","name":"","url":"https:\/\/www.graether.cz\/author\/","identifier":1,"image":{"@type":"ImageObject","@id":"https:\/\/secure.gravatar.com\/avatar\/a1f3afbcba6a2c855138f9932fa7e5ab7d93bdcdef3da88e8b7e3a89881e43e8?s=96&d=mm&r=g","url":"https:\/\/secure.gravatar.com\/avatar\/a1f3afbcba6a2c855138f9932fa7e5ab7d93bdcdef3da88e8b7e3a89881e43e8?s=96&d=mm&r=g","height":96,"width":96}},"publisher":{"@type":"Organization","name":"graether.cz","logo":{"@type":"ImageObject","@id":"\/logo.png","url":"\/logo.png","width":600,"height":60}},"image":{"@type":"ImageObject","@id":"https:\/\/www.graether.cz\/wp-content\/uploads\/big%20ben_1.jpg","url":"https:\/\/www.graether.cz\/wp-content\/uploads\/big%20ben_1.jpg","height":0,"width":0},"keywords":null}]}