[{"@context":"https:\/\/schema.org\/","@type":"Blog","@id":"https:\/\/www.graether.cz#Blog","headline":"Graether","description":"\nNa \u017e\u00e1dn\u00e9m webu nenajdete v\u0161echno. A leckde nenajdete nic z toho, co by st\u00e1lo za \u0159e\u010d. Ale nab\u00eddky na na\u0161ich internetov\u00fdch str\u00e1nk\u00e1ch se nen\u00ed t\u0159eba b\u00e1t.","url":"https:\/\/www.graether.cz","hasPart":[{"@type":"Article","@id":"https:\/\/www.graether.cz\/potrebujete-usetrit-za-elektrinu\/","headline":"Pot\u0159ebujete u\u0161et\u0159it za elekt\u0159inu?","url":"https:\/\/www.graether.cz\/potrebujete-usetrit-za-elektrinu\/","datePublished":"2023-05-20","dateModified":"2024-02-09","mainEntityOfPage":"https:\/\/www.graether.cz\/potrebujete-usetrit-za-elektrinu\/","author":{"@type":"Person","@id":"https:\/\/www.graether.cz\/author\/#Person","name":"","url":"https:\/\/www.graether.cz\/author\/","identifier":1,"image":{"@type":"ImageObject","@id":"https:\/\/secure.gravatar.com\/avatar\/a1f3afbcba6a2c855138f9932fa7e5ab7d93bdcdef3da88e8b7e3a89881e43e8?s=96&d=mm&r=g","url":"https:\/\/secure.gravatar.com\/avatar\/a1f3afbcba6a2c855138f9932fa7e5ab7d93bdcdef3da88e8b7e3a89881e43e8?s=96&d=mm&r=g","height":96,"width":96}},"publisher":{"@type":"Organization","name":"graether.cz","logo":{"@type":"ImageObject","@id":"\/logo.png","url":"\/logo.png","width":600,"height":60}},"image":{"@type":"ImageObject","@id":"https:\/\/www.graether.cz\/wp-content\/uploads\/solar-energy-862602_640_7.jpg","url":"https:\/\/www.graether.cz\/wp-content\/uploads\/solar-energy-862602_640_7.jpg","height":0,"width":0},"wordCount":510,"keywords":null},{"@type":"Article","@id":"https:\/\/www.graether.cz\/doprejte-vasemu-vozidlu-jen-to-nejlepsi\/","headline":"Dop\u0159ejte va\u0161emu vozidlu jen to nejlep\u0161\u00ed","url":"https:\/\/www.graether.cz\/doprejte-vasemu-vozidlu-jen-to-nejlepsi\/","datePublished":"2023-05-15","dateModified":"2023-06-21","mainEntityOfPage":"https:\/\/www.graether.cz\/doprejte-vasemu-vozidlu-jen-to-nejlepsi\/","author":{"@type":"Person","@id":"https:\/\/www.graether.cz\/author\/#Person","name":"","url":"https:\/\/www.graether.cz\/author\/","identifier":1,"image":{"@type":"ImageObject","@id":"https:\/\/secure.gravatar.com\/avatar\/a1f3afbcba6a2c855138f9932fa7e5ab7d93bdcdef3da88e8b7e3a89881e43e8?s=96&d=mm&r=g","url":"https:\/\/secure.gravatar.com\/avatar\/a1f3afbcba6a2c855138f9932fa7e5ab7d93bdcdef3da88e8b7e3a89881e43e8?s=96&d=mm&r=g","height":96,"width":96}},"publisher":{"@type":"Organization","name":"graether.cz","logo":{"@type":"ImageObject","@id":"\/logo.png","url":"\/logo.png","width":600,"height":60}},"image":{"@type":"ImageObject","@id":"https:\/\/www.graether.cz\/wp-content\/uploads\/21648C4C-3725-4834-BFFB-06D5984732A7_2.jpeg","url":"https:\/\/www.graether.cz\/wp-content\/uploads\/21648C4C-3725-4834-BFFB-06D5984732A7_2.jpeg","height":0,"width":0},"wordCount":567,"keywords":null},{"@type":"Article","@id":"https:\/\/www.graether.cz\/dulezita-skola\/","headline":"D\u016fle\u017eit\u00e1 \u0161kola","url":"https:\/\/www.graether.cz\/dulezita-skola\/","datePublished":"2023-05-08","dateModified":"2024-02-09","mainEntityOfPage":"https:\/\/www.graether.cz\/dulezita-skola\/","author":{"@type":"Person","@id":"https:\/\/www.graether.cz\/author\/#Person","name":"","url":"https:\/\/www.graether.cz\/author\/","identifier":1,"image":{"@type":"ImageObject","@id":"https:\/\/secure.gravatar.com\/avatar\/a1f3afbcba6a2c855138f9932fa7e5ab7d93bdcdef3da88e8b7e3a89881e43e8?s=96&d=mm&r=g","url":"https:\/\/secure.gravatar.com\/avatar\/a1f3afbcba6a2c855138f9932fa7e5ab7d93bdcdef3da88e8b7e3a89881e43e8?s=96&d=mm&r=g","height":96,"width":96}},"publisher":{"@type":"Organization","name":"graether.cz","logo":{"@type":"ImageObject","@id":"\/logo.png","url":"\/logo.png","width":600,"height":60}},"image":{"@type":"ImageObject","@id":"https:\/\/www.graether.cz\/wp-content\/uploads\/mask-5246944_1280.jpg","url":"https:\/\/www.graether.cz\/wp-content\/uploads\/mask-5246944_1280.jpg","height":0,"width":0},"wordCount":902,"keywords":null},{"@type":"Article","@id":"https:\/\/www.graether.cz\/dum-na-klic\/","headline":"D\u016fm na kl\u00ed\u010d","url":"https:\/\/www.graether.cz\/dum-na-klic\/","datePublished":"2023-04-25","dateModified":"2023-05-31","mainEntityOfPage":"https:\/\/www.graether.cz\/dum-na-klic\/","author":{"@type":"Person","@id":"https:\/\/www.graether.cz\/author\/#Person","name":"","url":"https:\/\/www.graether.cz\/author\/","identifier":1,"image":{"@type":"ImageObject","@id":"https:\/\/secure.gravatar.com\/avatar\/a1f3afbcba6a2c855138f9932fa7e5ab7d93bdcdef3da88e8b7e3a89881e43e8?s=96&d=mm&r=g","url":"https:\/\/secure.gravatar.com\/avatar\/a1f3afbcba6a2c855138f9932fa7e5ab7d93bdcdef3da88e8b7e3a89881e43e8?s=96&d=mm&r=g","height":96,"width":96}},"publisher":{"@type":"Organization","name":"graether.cz","logo":{"@type":"ImageObject","@id":"\/logo.png","url":"\/logo.png","width":600,"height":60}},"image":{"@type":"ImageObject","@id":"https:\/\/www.graether.cz\/wp-content\/uploads\/pexels-curtis-adams-4119830_3.jpg","url":"https:\/\/www.graether.cz\/wp-content\/uploads\/pexels-curtis-adams-4119830_3.jpg","height":0,"width":0},"wordCount":534,"keywords":null},{"@type":"Article","@id":"https:\/\/www.graether.cz\/a-jak-jste-na-tom-s-uklidem-vy\/","headline":"A jak jste na tom s \u00faklidem vy?","url":"https:\/\/www.graether.cz\/a-jak-jste-na-tom-s-uklidem-vy\/","datePublished":"2023-04-24","dateModified":"2023-05-31","mainEntityOfPage":"https:\/\/www.graether.cz\/a-jak-jste-na-tom-s-uklidem-vy\/","author":{"@type":"Person","@id":"https:\/\/www.graether.cz\/author\/#Person","name":"","url":"https:\/\/www.graether.cz\/author\/","identifier":1,"image":{"@type":"ImageObject","@id":"https:\/\/secure.gravatar.com\/avatar\/a1f3afbcba6a2c855138f9932fa7e5ab7d93bdcdef3da88e8b7e3a89881e43e8?s=96&d=mm&r=g","url":"https:\/\/secure.gravatar.com\/avatar\/a1f3afbcba6a2c855138f9932fa7e5ab7d93bdcdef3da88e8b7e3a89881e43e8?s=96&d=mm&r=g","height":96,"width":96}},"publisher":{"@type":"Organization","name":"graether.cz","logo":{"@type":"ImageObject","@id":"\/logo.png","url":"\/logo.png","width":600,"height":60}},"image":{"@type":"ImageObject","@id":"https:\/\/www.graether.cz\/wp-content\/uploads\/624_1.jpg","url":"https:\/\/www.graether.cz\/wp-content\/uploads\/624_1.jpg","height":0,"width":0},"wordCount":592,"keywords":null},{"@type":"Article","@id":"https:\/\/www.graether.cz\/vydejte-se-na-hory\/","headline":"Vydejte se na hory!","url":"https:\/\/www.graether.cz\/vydejte-se-na-hory\/","datePublished":"2023-04-22","dateModified":"2023-05-31","mainEntityOfPage":"https:\/\/www.graether.cz\/vydejte-se-na-hory\/","author":{"@type":"Person","@id":"https:\/\/www.graether.cz\/author\/#Person","name":"","url":"https:\/\/www.graether.cz\/author\/","identifier":1,"image":{"@type":"ImageObject","@id":"https:\/\/secure.gravatar.com\/avatar\/a1f3afbcba6a2c855138f9932fa7e5ab7d93bdcdef3da88e8b7e3a89881e43e8?s=96&d=mm&r=g","url":"https:\/\/secure.gravatar.com\/avatar\/a1f3afbcba6a2c855138f9932fa7e5ab7d93bdcdef3da88e8b7e3a89881e43e8?s=96&d=mm&r=g","height":96,"width":96}},"publisher":{"@type":"Organization","name":"graether.cz","logo":{"@type":"ImageObject","@id":"\/logo.png","url":"\/logo.png","width":600,"height":60}},"image":{"@type":"ImageObject","@id":"https:\/\/www.graether.cz\/wp-content\/uploads\/mountain-landscape-2031539_1280.jpg","url":"https:\/\/www.graether.cz\/wp-content\/uploads\/mountain-landscape-2031539_1280.jpg","height":0,"width":0},"wordCount":599,"keywords":null},{"@type":"Article","@id":"https:\/\/www.graether.cz\/krasne-retizky\/","headline":"Kr\u00e1sn\u00e9 \u0159et\u00edzky","url":"https:\/\/www.graether.cz\/krasne-retizky\/","datePublished":"2023-04-19","dateModified":"2023-04-19","mainEntityOfPage":"https:\/\/www.graether.cz\/krasne-retizky\/","author":{"@type":"Person","@id":"https:\/\/www.graether.cz\/author\/#Person","name":"","url":"https:\/\/www.graether.cz\/author\/","identifier":1,"image":{"@type":"ImageObject","@id":"https:\/\/secure.gravatar.com\/avatar\/a1f3afbcba6a2c855138f9932fa7e5ab7d93bdcdef3da88e8b7e3a89881e43e8?s=96&d=mm&r=g","url":"https:\/\/secure.gravatar.com\/avatar\/a1f3afbcba6a2c855138f9932fa7e5ab7d93bdcdef3da88e8b7e3a89881e43e8?s=96&d=mm&r=g","height":96,"width":96}},"publisher":{"@type":"Organization","name":"graether.cz","logo":{"@type":"ImageObject","@id":"\/logo.png","url":"\/logo.png","width":600,"height":60}},"image":{"@type":"ImageObject","@id":"https:\/\/www.graether.cz\/wp-content\/uploads\/woman-1948939_960_720.jpg","url":"https:\/\/www.graether.cz\/wp-content\/uploads\/woman-1948939_960_720.jpg","height":0,"width":0},"wordCount":616,"keywords":null},{"@type":"Article","@id":"https:\/\/www.graether.cz\/nevlidne-pocasi-to-chce-caj\/","headline":"Nevl\u00eddn\u00e9 po\u010das\u00ed? To chce \u010daj","url":"https:\/\/www.graether.cz\/nevlidne-pocasi-to-chce-caj\/","datePublished":"2023-04-19","dateModified":"2023-05-19","mainEntityOfPage":"https:\/\/www.graether.cz\/nevlidne-pocasi-to-chce-caj\/","author":{"@type":"Person","@id":"https:\/\/www.graether.cz\/author\/#Person","name":"","url":"https:\/\/www.graether.cz\/author\/","identifier":1,"image":{"@type":"ImageObject","@id":"https:\/\/secure.gravatar.com\/avatar\/a1f3afbcba6a2c855138f9932fa7e5ab7d93bdcdef3da88e8b7e3a89881e43e8?s=96&d=mm&r=g","url":"https:\/\/secure.gravatar.com\/avatar\/a1f3afbcba6a2c855138f9932fa7e5ab7d93bdcdef3da88e8b7e3a89881e43e8?s=96&d=mm&r=g","height":96,"width":96}},"publisher":{"@type":"Organization","name":"graether.cz","logo":{"@type":"ImageObject","@id":"\/logo.png","url":"\/logo.png","width":600,"height":60}},"image":{"@type":"ImageObject","@id":"https:\/\/www.graether.cz\/wp-content\/uploads\/pexels-%D0%B4%D0%B0%D1%80%D1%8C%D1%8F-%D1%81%D0%B5%D1%80%D0%B3%D1%83%D0%BD%D0%B8%D0%BD%D0%B0-8217985(1).jpg","url":"https:\/\/www.graether.cz\/wp-content\/uploads\/pexels-%D0%B4%D0%B0%D1%80%D1%8C%D1%8F-%D1%81%D0%B5%D1%80%D0%B3%D1%83%D0%BD%D0%B8%D0%BD%D0%B0-8217985(1).jpg","height":0,"width":0},"wordCount":599,"keywords":null},{"@type":"Article","@id":"https:\/\/www.graether.cz\/na-co-nezapomenout-u-oslavy-narozenin\/","headline":"Na co nezapomenout u oslavy narozenin","url":"https:\/\/www.graether.cz\/na-co-nezapomenout-u-oslavy-narozenin\/","datePublished":"2023-04-15","dateModified":"2023-05-18","mainEntityOfPage":"https:\/\/www.graether.cz\/na-co-nezapomenout-u-oslavy-narozenin\/","author":{"@type":"Person","@id":"https:\/\/www.graether.cz\/author\/#Person","name":"","url":"https:\/\/www.graether.cz\/author\/","identifier":1,"image":{"@type":"ImageObject","@id":"https:\/\/secure.gravatar.com\/avatar\/a1f3afbcba6a2c855138f9932fa7e5ab7d93bdcdef3da88e8b7e3a89881e43e8?s=96&d=mm&r=g","url":"https:\/\/secure.gravatar.com\/avatar\/a1f3afbcba6a2c855138f9932fa7e5ab7d93bdcdef3da88e8b7e3a89881e43e8?s=96&d=mm&r=g","height":96,"width":96}},"publisher":{"@type":"Organization","name":"graether.cz","logo":{"@type":"ImageObject","@id":"\/logo.png","url":"\/logo.png","width":600,"height":60}},"image":{"@type":"ImageObject","@id":"https:\/\/www.graether.cz\/wp-content\/uploads\/top-hat-g168485e94_1280.png","url":"https:\/\/www.graether.cz\/wp-content\/uploads\/top-hat-g168485e94_1280.png","height":0,"width":0},"wordCount":575,"keywords":null},{"@type":"Article","@id":"https:\/\/www.graether.cz\/pro-ty-kdo-jsou-prave-bez-penez\/","headline":"Pro ty, kdo jsou pr\u00e1v\u011b bez pen\u011bz","url":"https:\/\/www.graether.cz\/pro-ty-kdo-jsou-prave-bez-penez\/","datePublished":"2023-04-11","dateModified":"2024-04-15","mainEntityOfPage":"https:\/\/www.graether.cz\/pro-ty-kdo-jsou-prave-bez-penez\/","author":{"@type":"Person","@id":"https:\/\/www.graether.cz\/author\/#Person","name":"","url":"https:\/\/www.graether.cz\/author\/","identifier":1,"image":{"@type":"ImageObject","@id":"https:\/\/secure.gravatar.com\/avatar\/a1f3afbcba6a2c855138f9932fa7e5ab7d93bdcdef3da88e8b7e3a89881e43e8?s=96&d=mm&r=g","url":"https:\/\/secure.gravatar.com\/avatar\/a1f3afbcba6a2c855138f9932fa7e5ab7d93bdcdef3da88e8b7e3a89881e43e8?s=96&d=mm&r=g","height":96,"width":96}},"publisher":{"@type":"Organization","name":"graether.cz","logo":{"@type":"ImageObject","@id":"\/logo.png","url":"\/logo.png","width":600,"height":60}},"image":null,"wordCount":482,"keywords":null}]},{"@context":"https:\/\/schema.org","@type":"WebSite","@id":"https:\/\/www.graether.cz\/#website","name":"Graether","url":"https:\/\/www.graether.cz","potentialAction":{"@type":"SearchAction","target":"https:\/\/www.graether.cz\/?s={search_term_string}","query-input":"required name=search_term_string"}}]