[{"@context":"https:\/\/schema.org\/","@type":"Blog","@id":"https:\/\/www.graether.cz#Blog","headline":"Graether","description":"\nNa \u017e\u00e1dn\u00e9m webu nenajdete v\u0161echno. A leckde nenajdete nic z toho, co by st\u00e1lo za \u0159e\u010d. Ale nab\u00eddky na na\u0161ich internetov\u00fdch str\u00e1nk\u00e1ch se nen\u00ed t\u0159eba b\u00e1t.","url":"https:\/\/www.graether.cz","hasPart":[{"@type":"Article","@id":"https:\/\/www.graether.cz\/zajimava-moda\/","headline":"Zaj\u00edmav\u00e1 m\u00f3da","url":"https:\/\/www.graether.cz\/zajimava-moda\/","datePublished":"2023-01-01","dateModified":"2023-06-01","mainEntityOfPage":"https:\/\/www.graether.cz\/zajimava-moda\/","author":{"@type":"Person","@id":"https:\/\/www.graether.cz\/author\/#Person","name":"","url":"https:\/\/www.graether.cz\/author\/","identifier":1,"image":{"@type":"ImageObject","@id":"https:\/\/secure.gravatar.com\/avatar\/a1f3afbcba6a2c855138f9932fa7e5ab7d93bdcdef3da88e8b7e3a89881e43e8?s=96&d=mm&r=g","url":"https:\/\/secure.gravatar.com\/avatar\/a1f3afbcba6a2c855138f9932fa7e5ab7d93bdcdef3da88e8b7e3a89881e43e8?s=96&d=mm&r=g","height":96,"width":96}},"publisher":{"@type":"Organization","name":"graether.cz","logo":{"@type":"ImageObject","@id":"\/logo.png","url":"\/logo.png","width":600,"height":60}},"image":{"@type":"ImageObject","@id":"https:\/\/www.graether.cz\/wp-content\/uploads\/girl-2189247_1280_1.jpg","url":"https:\/\/www.graether.cz\/wp-content\/uploads\/girl-2189247_1280_1.jpg","height":0,"width":0},"wordCount":543,"keywords":null},{"@type":"Article","@id":"https:\/\/www.graether.cz\/nove-bydleni\/","headline":"Nov\u00e9 bydlen\u00ed","url":"https:\/\/www.graether.cz\/nove-bydleni\/","datePublished":"2022-12-30","dateModified":"2023-11-30","mainEntityOfPage":"https:\/\/www.graether.cz\/nove-bydleni\/","author":{"@type":"Person","@id":"https:\/\/www.graether.cz\/author\/#Person","name":"","url":"https:\/\/www.graether.cz\/author\/","identifier":1,"image":{"@type":"ImageObject","@id":"https:\/\/secure.gravatar.com\/avatar\/a1f3afbcba6a2c855138f9932fa7e5ab7d93bdcdef3da88e8b7e3a89881e43e8?s=96&d=mm&r=g","url":"https:\/\/secure.gravatar.com\/avatar\/a1f3afbcba6a2c855138f9932fa7e5ab7d93bdcdef3da88e8b7e3a89881e43e8?s=96&d=mm&r=g","height":96,"width":96}},"publisher":{"@type":"Organization","name":"graether.cz","logo":{"@type":"ImageObject","@id":"\/logo.png","url":"\/logo.png","width":600,"height":60}},"image":{"@type":"ImageObject","@id":"https:\/\/www.graether.cz\/wp-content\/uploads\/crane-houses-7518536_1280.jpg","url":"https:\/\/www.graether.cz\/wp-content\/uploads\/crane-houses-7518536_1280.jpg","height":0,"width":0},"wordCount":817,"keywords":null},{"@type":"Article","@id":"https:\/\/www.graether.cz\/proc-je-ochrana-prirody-tak-dulezita\/","headline":"Pro\u010d je ochrana p\u0159\u00edrody tak d\u016fle\u017eit\u00e1","url":"https:\/\/www.graether.cz\/proc-je-ochrana-prirody-tak-dulezita\/","datePublished":"2022-12-30","dateModified":"2023-11-30","mainEntityOfPage":"https:\/\/www.graether.cz\/proc-je-ochrana-prirody-tak-dulezita\/","author":{"@type":"Person","@id":"https:\/\/www.graether.cz\/author\/#Person","name":"","url":"https:\/\/www.graether.cz\/author\/","identifier":1,"image":{"@type":"ImageObject","@id":"https:\/\/secure.gravatar.com\/avatar\/a1f3afbcba6a2c855138f9932fa7e5ab7d93bdcdef3da88e8b7e3a89881e43e8?s=96&d=mm&r=g","url":"https:\/\/secure.gravatar.com\/avatar\/a1f3afbcba6a2c855138f9932fa7e5ab7d93bdcdef3da88e8b7e3a89881e43e8?s=96&d=mm&r=g","height":96,"width":96}},"publisher":{"@type":"Organization","name":"graether.cz","logo":{"@type":"ImageObject","@id":"\/logo.png","url":"\/logo.png","width":600,"height":60}},"image":{"@type":"ImageObject","@id":"https:\/\/www.graether.cz\/wp-content\/uploads\/auto27_5.jpg","url":"https:\/\/www.graether.cz\/wp-content\/uploads\/auto27_5.jpg","height":0,"width":0},"wordCount":1027,"keywords":null},{"@type":"Article","@id":"https:\/\/www.graether.cz\/proc-jsou-dnesni-technologie-nebezpecnejsi\/","headline":"Pro\u010d jsou dne\u0161n\u00ed technologie nebezpe\u010dn\u011bj\u0161\u00ed","url":"https:\/\/www.graether.cz\/proc-jsou-dnesni-technologie-nebezpecnejsi\/","datePublished":"2022-12-28","dateModified":"2023-09-28","mainEntityOfPage":"https:\/\/www.graether.cz\/proc-jsou-dnesni-technologie-nebezpecnejsi\/","author":{"@type":"Person","@id":"https:\/\/www.graether.cz\/author\/#Person","name":"","url":"https:\/\/www.graether.cz\/author\/","identifier":1,"image":{"@type":"ImageObject","@id":"https:\/\/secure.gravatar.com\/avatar\/a1f3afbcba6a2c855138f9932fa7e5ab7d93bdcdef3da88e8b7e3a89881e43e8?s=96&d=mm&r=g","url":"https:\/\/secure.gravatar.com\/avatar\/a1f3afbcba6a2c855138f9932fa7e5ab7d93bdcdef3da88e8b7e3a89881e43e8?s=96&d=mm&r=g","height":96,"width":96}},"publisher":{"@type":"Organization","name":"graether.cz","logo":{"@type":"ImageObject","@id":"\/logo.png","url":"\/logo.png","width":600,"height":60}},"image":{"@type":"ImageObject","@id":"https:\/\/www.graether.cz\/wp-content\/uploads\/chytdomacnost2_3.png","url":"https:\/\/www.graether.cz\/wp-content\/uploads\/chytdomacnost2_3.png","height":0,"width":0},"wordCount":1027,"keywords":null},{"@type":"Article","@id":"https:\/\/www.graether.cz\/pronajimame-si-dodavku-pres-noc\/","headline":"Pronaj\u00edm\u00e1me si dod\u00e1vku p\u0159es noc","url":"https:\/\/www.graether.cz\/pronajimame-si-dodavku-pres-noc\/","datePublished":"2022-12-23","dateModified":"2023-04-25","mainEntityOfPage":"https:\/\/www.graether.cz\/pronajimame-si-dodavku-pres-noc\/","author":{"@type":"Person","@id":"https:\/\/www.graether.cz\/author\/#Person","name":"","url":"https:\/\/www.graether.cz\/author\/","identifier":1,"image":{"@type":"ImageObject","@id":"https:\/\/secure.gravatar.com\/avatar\/a1f3afbcba6a2c855138f9932fa7e5ab7d93bdcdef3da88e8b7e3a89881e43e8?s=96&d=mm&r=g","url":"https:\/\/secure.gravatar.com\/avatar\/a1f3afbcba6a2c855138f9932fa7e5ab7d93bdcdef3da88e8b7e3a89881e43e8?s=96&d=mm&r=g","height":96,"width":96}},"publisher":{"@type":"Organization","name":"graether.cz","logo":{"@type":"ImageObject","@id":"\/logo.png","url":"\/logo.png","width":600,"height":60}},"image":{"@type":"ImageObject","@id":"https:\/\/www.graether.cz\/wp-content\/uploads\/minivan-g1c73d5cba_640.png","url":"https:\/\/www.graether.cz\/wp-content\/uploads\/minivan-g1c73d5cba_640.png","height":0,"width":0},"wordCount":558,"keywords":null},{"@type":"Article","@id":"https:\/\/www.graether.cz\/s-nosicem-kol-na-tazne-zarizeni-vzhuru-do-prirody\/","headline":"S nosi\u010dem kol na ta\u017en\u00e9 za\u0159\u00edzen\u00ed vzh\u016fru do p\u0159\u00edrody","url":"https:\/\/www.graether.cz\/s-nosicem-kol-na-tazne-zarizeni-vzhuru-do-prirody\/","datePublished":"2022-12-11","dateModified":"2022-12-11","mainEntityOfPage":"https:\/\/www.graether.cz\/s-nosicem-kol-na-tazne-zarizeni-vzhuru-do-prirody\/","author":{"@type":"Person","@id":"https:\/\/www.graether.cz\/author\/#Person","name":"","url":"https:\/\/www.graether.cz\/author\/","identifier":1,"image":{"@type":"ImageObject","@id":"https:\/\/secure.gravatar.com\/avatar\/a1f3afbcba6a2c855138f9932fa7e5ab7d93bdcdef3da88e8b7e3a89881e43e8?s=96&d=mm&r=g","url":"https:\/\/secure.gravatar.com\/avatar\/a1f3afbcba6a2c855138f9932fa7e5ab7d93bdcdef3da88e8b7e3a89881e43e8?s=96&d=mm&r=g","height":96,"width":96}},"publisher":{"@type":"Organization","name":"graether.cz","logo":{"@type":"ImageObject","@id":"\/logo.png","url":"\/logo.png","width":600,"height":60}},"image":{"@type":"ImageObject","@id":"https:\/\/www.graether.cz\/wp-content\/uploads\/june-g1e7c4a89e_640.jpg","url":"https:\/\/www.graether.cz\/wp-content\/uploads\/june-g1e7c4a89e_640.jpg","height":0,"width":0},"wordCount":556,"keywords":null},{"@type":"Article","@id":"https:\/\/www.graether.cz\/jak-na-uklid\/","headline":"Jak na \u00faklid","url":"https:\/\/www.graether.cz\/jak-na-uklid\/","datePublished":"2022-11-29","dateModified":"2022-11-29","mainEntityOfPage":"https:\/\/www.graether.cz\/jak-na-uklid\/","author":{"@type":"Person","@id":"https:\/\/www.graether.cz\/author\/#Person","name":"","url":"https:\/\/www.graether.cz\/author\/","identifier":1,"image":{"@type":"ImageObject","@id":"https:\/\/secure.gravatar.com\/avatar\/a1f3afbcba6a2c855138f9932fa7e5ab7d93bdcdef3da88e8b7e3a89881e43e8?s=96&d=mm&r=g","url":"https:\/\/secure.gravatar.com\/avatar\/a1f3afbcba6a2c855138f9932fa7e5ab7d93bdcdef3da88e8b7e3a89881e43e8?s=96&d=mm&r=g","height":96,"width":96}},"publisher":{"@type":"Organization","name":"graether.cz","logo":{"@type":"ImageObject","@id":"\/logo.png","url":"\/logo.png","width":600,"height":60}},"image":{"@type":"ImageObject","@id":"https:\/\/www.graether.cz\/wp-content\/uploads\/workers-6477163_960_720.jpg","url":"https:\/\/www.graether.cz\/wp-content\/uploads\/workers-6477163_960_720.jpg","height":0,"width":0},"wordCount":541,"keywords":null},{"@type":"Article","@id":"https:\/\/www.graether.cz\/stredni-skola\/","headline":"St\u0159edn\u00ed \u0161kola","url":"https:\/\/www.graether.cz\/stredni-skola\/","datePublished":"2022-11-22","dateModified":"2023-04-25","mainEntityOfPage":"https:\/\/www.graether.cz\/stredni-skola\/","author":{"@type":"Person","@id":"https:\/\/www.graether.cz\/author\/#Person","name":"","url":"https:\/\/www.graether.cz\/author\/","identifier":1,"image":{"@type":"ImageObject","@id":"https:\/\/secure.gravatar.com\/avatar\/a1f3afbcba6a2c855138f9932fa7e5ab7d93bdcdef3da88e8b7e3a89881e43e8?s=96&d=mm&r=g","url":"https:\/\/secure.gravatar.com\/avatar\/a1f3afbcba6a2c855138f9932fa7e5ab7d93bdcdef3da88e8b7e3a89881e43e8?s=96&d=mm&r=g","height":96,"width":96}},"publisher":{"@type":"Organization","name":"graether.cz","logo":{"@type":"ImageObject","@id":"\/logo.png","url":"\/logo.png","width":600,"height":60}},"image":{"@type":"ImageObject","@id":"https:\/\/www.graether.cz\/wp-content\/uploads\/fruit-stand-g88d9f797d_1920.jpg","url":"https:\/\/www.graether.cz\/wp-content\/uploads\/fruit-stand-g88d9f797d_1920.jpg","height":0,"width":0},"wordCount":523,"keywords":null},{"@type":"Article","@id":"https:\/\/www.graether.cz\/aby-nouze-skoncila\/","headline":"Aby nouze skon\u010dila","url":"https:\/\/www.graether.cz\/aby-nouze-skoncila\/","datePublished":"2022-11-13","dateModified":"2022-11-13","mainEntityOfPage":"https:\/\/www.graether.cz\/aby-nouze-skoncila\/","author":{"@type":"Person","@id":"https:\/\/www.graether.cz\/author\/#Person","name":"","url":"https:\/\/www.graether.cz\/author\/","identifier":1,"image":{"@type":"ImageObject","@id":"https:\/\/secure.gravatar.com\/avatar\/a1f3afbcba6a2c855138f9932fa7e5ab7d93bdcdef3da88e8b7e3a89881e43e8?s=96&d=mm&r=g","url":"https:\/\/secure.gravatar.com\/avatar\/a1f3afbcba6a2c855138f9932fa7e5ab7d93bdcdef3da88e8b7e3a89881e43e8?s=96&d=mm&r=g","height":96,"width":96}},"publisher":{"@type":"Organization","name":"graether.cz","logo":{"@type":"ImageObject","@id":"\/logo.png","url":"\/logo.png","width":600,"height":60}},"image":{"@type":"ImageObject","@id":"https:\/\/www.graether.cz\/wp-content\/uploads\/dva%20dolary_7.jpg","url":"https:\/\/www.graether.cz\/wp-content\/uploads\/dva%20dolary_7.jpg","height":0,"width":0},"wordCount":609,"keywords":null},{"@type":"Article","@id":"https:\/\/www.graether.cz\/jak-muzete-stahovat-videa-z-internetu\/","headline":"Jak m\u016f\u017eete stahovat videa z internetu?","url":"https:\/\/www.graether.cz\/jak-muzete-stahovat-videa-z-internetu\/","datePublished":"2022-10-14","dateModified":"2022-10-14","mainEntityOfPage":"https:\/\/www.graether.cz\/jak-muzete-stahovat-videa-z-internetu\/","author":{"@type":"Person","@id":"https:\/\/www.graether.cz\/author\/#Person","name":"","url":"https:\/\/www.graether.cz\/author\/","identifier":1,"image":{"@type":"ImageObject","@id":"https:\/\/secure.gravatar.com\/avatar\/a1f3afbcba6a2c855138f9932fa7e5ab7d93bdcdef3da88e8b7e3a89881e43e8?s=96&d=mm&r=g","url":"https:\/\/secure.gravatar.com\/avatar\/a1f3afbcba6a2c855138f9932fa7e5ab7d93bdcdef3da88e8b7e3a89881e43e8?s=96&d=mm&r=g","height":96,"width":96}},"publisher":{"@type":"Organization","name":"graether.cz","logo":{"@type":"ImageObject","@id":"\/logo.png","url":"\/logo.png","width":600,"height":60}},"image":{"@type":"ImageObject","@id":"https:\/\/www.graether.cz\/wp-content\/uploads\/pexels-cottonbro-studio-5081404.jpg","url":"https:\/\/www.graether.cz\/wp-content\/uploads\/pexels-cottonbro-studio-5081404.jpg","height":0,"width":0},"wordCount":612,"keywords":null}]},{"@context":"https:\/\/schema.org","@type":"WebSite","@id":"https:\/\/www.graether.cz\/#website","name":"Graether","url":"https:\/\/www.graether.cz","potentialAction":{"@type":"SearchAction","target":"https:\/\/www.graether.cz\/?s={search_term_string}","query-input":"required name=search_term_string"}}]