[{"@context":"https:\/\/schema.org\/","@type":"Blog","@id":"https:\/\/www.graether.cz#Blog","headline":"Graether","description":"\nNa \u017e\u00e1dn\u00e9m webu nenajdete v\u0161echno. A leckde nenajdete nic z toho, co by st\u00e1lo za \u0159e\u010d. Ale nab\u00eddky na na\u0161ich internetov\u00fdch str\u00e1nk\u00e1ch se nen\u00ed t\u0159eba b\u00e1t.","url":"https:\/\/www.graether.cz","hasPart":[{"@type":"Article","@id":"https:\/\/www.graether.cz\/saty-spolecenske\/","headline":"\u0160aty spole\u010densk\u00e9","url":"https:\/\/www.graether.cz\/saty-spolecenske\/","datePublished":"2019-09-16","dateModified":"2019-09-16","mainEntityOfPage":"https:\/\/www.graether.cz\/saty-spolecenske\/","author":{"@type":"Person","@id":"https:\/\/www.graether.cz\/author\/#Person","name":"","url":"https:\/\/www.graether.cz\/author\/","identifier":1,"image":{"@type":"ImageObject","@id":"https:\/\/secure.gravatar.com\/avatar\/a1f3afbcba6a2c855138f9932fa7e5ab7d93bdcdef3da88e8b7e3a89881e43e8?s=96&d=mm&r=g","url":"https:\/\/secure.gravatar.com\/avatar\/a1f3afbcba6a2c855138f9932fa7e5ab7d93bdcdef3da88e8b7e3a89881e43e8?s=96&d=mm&r=g","height":96,"width":96}},"publisher":{"@type":"Organization","name":"graether.cz","logo":{"@type":"ImageObject","@id":"\/logo.png","url":"\/logo.png","width":600,"height":60}},"image":{"@type":"ImageObject","@id":"https:\/\/www.graether.cz\/wp-content\/uploads\/img_a339196_w1746_t1552386105.jpg","url":"https:\/\/www.graether.cz\/wp-content\/uploads\/img_a339196_w1746_t1552386105.jpg","height":0,"width":0},"wordCount":536,"keywords":null},{"@type":"Article","@id":"https:\/\/www.graether.cz\/je-cas-prejit-do-vetsich-prostoru\/","headline":"Je \u010das p\u0159ej\u00edt do v\u011bt\u0161\u00edch prostor\u016f","url":"https:\/\/www.graether.cz\/je-cas-prejit-do-vetsich-prostoru\/","datePublished":"2019-07-06","dateModified":"2019-07-06","mainEntityOfPage":"https:\/\/www.graether.cz\/je-cas-prejit-do-vetsich-prostoru\/","author":{"@type":"Person","@id":"https:\/\/www.graether.cz\/author\/#Person","name":"","url":"https:\/\/www.graether.cz\/author\/","identifier":1,"image":{"@type":"ImageObject","@id":"https:\/\/secure.gravatar.com\/avatar\/a1f3afbcba6a2c855138f9932fa7e5ab7d93bdcdef3da88e8b7e3a89881e43e8?s=96&d=mm&r=g","url":"https:\/\/secure.gravatar.com\/avatar\/a1f3afbcba6a2c855138f9932fa7e5ab7d93bdcdef3da88e8b7e3a89881e43e8?s=96&d=mm&r=g","height":96,"width":96}},"publisher":{"@type":"Organization","name":"graether.cz","logo":{"@type":"ImageObject","@id":"\/logo.png","url":"\/logo.png","width":600,"height":60}},"image":{"@type":"ImageObject","@id":"https:\/\/www.graether.cz\/wp-content\/uploads\/img_a359867_w1789_t1573754860.png","url":"https:\/\/www.graether.cz\/wp-content\/uploads\/img_a359867_w1789_t1573754860.png","height":0,"width":0},"wordCount":579,"keywords":null},{"@type":"Article","@id":"https:\/\/www.graether.cz\/design-studio\/","headline":"Design studio","url":"https:\/\/www.graether.cz\/design-studio\/","datePublished":"2019-02-07","dateModified":"2019-02-07","mainEntityOfPage":"https:\/\/www.graether.cz\/design-studio\/","author":{"@type":"Person","@id":"https:\/\/www.graether.cz\/author\/#Person","name":"","url":"https:\/\/www.graether.cz\/author\/","identifier":1,"image":{"@type":"ImageObject","@id":"https:\/\/secure.gravatar.com\/avatar\/a1f3afbcba6a2c855138f9932fa7e5ab7d93bdcdef3da88e8b7e3a89881e43e8?s=96&d=mm&r=g","url":"https:\/\/secure.gravatar.com\/avatar\/a1f3afbcba6a2c855138f9932fa7e5ab7d93bdcdef3da88e8b7e3a89881e43e8?s=96&d=mm&r=g","height":96,"width":96}},"publisher":{"@type":"Organization","name":"graether.cz","logo":{"@type":"ImageObject","@id":"\/logo.png","url":"\/logo.png","width":600,"height":60}},"image":{"@type":"ImageObject","@id":"https:\/\/www.graether.cz\/wp-content\/uploads\/img_a338755_w1690_t1551348031.jpg","url":"https:\/\/www.graether.cz\/wp-content\/uploads\/img_a338755_w1690_t1551348031.jpg","height":0,"width":0},"wordCount":546,"keywords":null},{"@type":"Article","@id":"https:\/\/www.graether.cz\/konecne-pujcka-kterou-muze-ziskat-kazdy\/","headline":"Kone\u010dn\u011b p\u016fj\u010dka, kterou m\u016f\u017ee z\u00edskat ka\u017ed\u00fd","url":"https:\/\/www.graether.cz\/konecne-pujcka-kterou-muze-ziskat-kazdy\/","datePublished":"2018-11-06","dateModified":"2018-11-06","mainEntityOfPage":"https:\/\/www.graether.cz\/konecne-pujcka-kterou-muze-ziskat-kazdy\/","author":{"@type":"Person","@id":"https:\/\/www.graether.cz\/author\/#Person","name":"","url":"https:\/\/www.graether.cz\/author\/","identifier":1,"image":{"@type":"ImageObject","@id":"https:\/\/secure.gravatar.com\/avatar\/a1f3afbcba6a2c855138f9932fa7e5ab7d93bdcdef3da88e8b7e3a89881e43e8?s=96&d=mm&r=g","url":"https:\/\/secure.gravatar.com\/avatar\/a1f3afbcba6a2c855138f9932fa7e5ab7d93bdcdef3da88e8b7e3a89881e43e8?s=96&d=mm&r=g","height":96,"width":96}},"publisher":{"@type":"Organization","name":"graether.cz","logo":{"@type":"ImageObject","@id":"\/logo.png","url":"\/logo.png","width":600,"height":60}},"image":{"@type":"ImageObject","@id":"https:\/\/www.graether.cz\/wp-content\/uploads\/img_a330248_w1703_t1542823686.jpg","url":"https:\/\/www.graether.cz\/wp-content\/uploads\/img_a330248_w1703_t1542823686.jpg","height":0,"width":0},"wordCount":4497,"keywords":null},{"@type":"Article","@id":"https:\/\/www.graether.cz\/za-to-abyste-byli-dobre-videt-nemusite-dat-cele-jmeni\/","headline":"Za to, abyste byli dob\u0159e vid\u011bt, nemus\u00edte d\u00e1t cel\u00e9 jm\u011bn\u00ed","url":"https:\/\/www.graether.cz\/za-to-abyste-byli-dobre-videt-nemusite-dat-cele-jmeni\/","datePublished":"2018-10-06","dateModified":"2018-10-06","mainEntityOfPage":"https:\/\/www.graether.cz\/za-to-abyste-byli-dobre-videt-nemusite-dat-cele-jmeni\/","author":{"@type":"Person","@id":"https:\/\/www.graether.cz\/author\/#Person","name":"","url":"https:\/\/www.graether.cz\/author\/","identifier":1,"image":{"@type":"ImageObject","@id":"https:\/\/secure.gravatar.com\/avatar\/a1f3afbcba6a2c855138f9932fa7e5ab7d93bdcdef3da88e8b7e3a89881e43e8?s=96&d=mm&r=g","url":"https:\/\/secure.gravatar.com\/avatar\/a1f3afbcba6a2c855138f9932fa7e5ab7d93bdcdef3da88e8b7e3a89881e43e8?s=96&d=mm&r=g","height":96,"width":96}},"publisher":{"@type":"Organization","name":"graether.cz","logo":{"@type":"ImageObject","@id":"\/logo.png","url":"\/logo.png","width":600,"height":60}},"image":{"@type":"ImageObject","@id":"https:\/\/www.graether.cz\/wp-content\/uploads\/img_a328053_w1714_t1540461143.jpg","url":"https:\/\/www.graether.cz\/wp-content\/uploads\/img_a328053_w1714_t1540461143.jpg","height":0,"width":0},"wordCount":2420,"keywords":null},{"@type":"Article","@id":"https:\/\/www.graether.cz\/hypoteka-pro-kazdeho\/","headline":"Hypot\u00e9ka pro ka\u017ed\u00e9ho","url":"https:\/\/www.graether.cz\/hypoteka-pro-kazdeho\/","datePublished":"2018-07-25","dateModified":"2018-07-25","mainEntityOfPage":"https:\/\/www.graether.cz\/hypoteka-pro-kazdeho\/","author":{"@type":"Person","@id":"https:\/\/www.graether.cz\/author\/#Person","name":"","url":"https:\/\/www.graether.cz\/author\/","identifier":1,"image":{"@type":"ImageObject","@id":"https:\/\/secure.gravatar.com\/avatar\/a1f3afbcba6a2c855138f9932fa7e5ab7d93bdcdef3da88e8b7e3a89881e43e8?s=96&d=mm&r=g","url":"https:\/\/secure.gravatar.com\/avatar\/a1f3afbcba6a2c855138f9932fa7e5ab7d93bdcdef3da88e8b7e3a89881e43e8?s=96&d=mm&r=g","height":96,"width":96}},"publisher":{"@type":"Organization","name":"graether.cz","logo":{"@type":"ImageObject","@id":"\/logo.png","url":"\/logo.png","width":600,"height":60}},"image":{"@type":"ImageObject","@id":"https:\/\/www.graether.cz\/wp-content\/uploads\/img_a320932_w2571_t1532169234.jpg","url":"https:\/\/www.graether.cz\/wp-content\/uploads\/img_a320932_w2571_t1532169234.jpg","height":0,"width":0},"wordCount":540,"keywords":null},{"@type":"Article","@id":"https:\/\/www.graether.cz\/podnikatelsky-uver-se-zastavou-nemovitosti\/","headline":"Podnikatelsk\u00fd \u00fav\u011br se z\u00e1stavou nemovitosti","url":"https:\/\/www.graether.cz\/podnikatelsky-uver-se-zastavou-nemovitosti\/","datePublished":"2018-04-17","dateModified":"2018-04-17","mainEntityOfPage":"https:\/\/www.graether.cz\/podnikatelsky-uver-se-zastavou-nemovitosti\/","author":{"@type":"Person","@id":"https:\/\/www.graether.cz\/author\/#Person","name":"","url":"https:\/\/www.graether.cz\/author\/","identifier":1,"image":{"@type":"ImageObject","@id":"https:\/\/secure.gravatar.com\/avatar\/a1f3afbcba6a2c855138f9932fa7e5ab7d93bdcdef3da88e8b7e3a89881e43e8?s=96&d=mm&r=g","url":"https:\/\/secure.gravatar.com\/avatar\/a1f3afbcba6a2c855138f9932fa7e5ab7d93bdcdef3da88e8b7e3a89881e43e8?s=96&d=mm&r=g","height":96,"width":96}},"publisher":{"@type":"Organization","name":"graether.cz","logo":{"@type":"ImageObject","@id":"\/logo.png","url":"\/logo.png","width":600,"height":60}},"image":{"@type":"ImageObject","@id":"https:\/\/www.graether.cz\/wp-content\/uploads\/img_a316082_w1759_t1527061793.jpg","url":"https:\/\/www.graether.cz\/wp-content\/uploads\/img_a316082_w1759_t1527061793.jpg","height":0,"width":0},"wordCount":555,"keywords":null}]},{"@context":"https:\/\/schema.org","@type":"WebSite","@id":"https:\/\/www.graether.cz\/#website","name":"Graether","url":"https:\/\/www.graether.cz","potentialAction":{"@type":"SearchAction","target":"https:\/\/www.graether.cz\/?s={search_term_string}","query-input":"required name=search_term_string"}}]