[{"@context":"https:\/\/schema.org\/","@type":"Blog","@id":"https:\/\/www.graether.cz#Blog","headline":"Graether","description":"\nNa \u017e\u00e1dn\u00e9m webu nenajdete v\u0161echno. A leckde nenajdete nic z toho, co by st\u00e1lo za \u0159e\u010d. Ale nab\u00eddky na na\u0161ich internetov\u00fdch str\u00e1nk\u00e1ch se nen\u00ed t\u0159eba b\u00e1t.","url":"https:\/\/www.graether.cz","hasPart":[{"@type":"Article","@id":"https:\/\/www.graether.cz\/moda-v-knihach\/","headline":"M\u00f3da v knih\u00e1ch","url":"https:\/\/www.graether.cz\/moda-v-knihach\/","datePublished":"2023-12-28","dateModified":"2024-01-02","mainEntityOfPage":"https:\/\/www.graether.cz\/moda-v-knihach\/","author":{"@type":"Person","@id":"https:\/\/www.graether.cz\/author\/#Person","name":"","url":"https:\/\/www.graether.cz\/author\/","identifier":1,"image":{"@type":"ImageObject","@id":"https:\/\/secure.gravatar.com\/avatar\/a1f3afbcba6a2c855138f9932fa7e5ab7d93bdcdef3da88e8b7e3a89881e43e8?s=96&d=mm&r=g","url":"https:\/\/secure.gravatar.com\/avatar\/a1f3afbcba6a2c855138f9932fa7e5ab7d93bdcdef3da88e8b7e3a89881e43e8?s=96&d=mm&r=g","height":96,"width":96}},"publisher":{"@type":"Organization","name":"graether.cz","logo":{"@type":"ImageObject","@id":"\/logo.png","url":"\/logo.png","width":600,"height":60}},"image":{"@type":"ImageObject","@id":"https:\/\/www.graether.cz\/wp-content\/uploads\/woman-3299379_1280_2.jpg","url":"https:\/\/www.graether.cz\/wp-content\/uploads\/woman-3299379_1280_2.jpg","height":0,"width":0},"wordCount":909,"keywords":null},{"@type":"Article","@id":"https:\/\/www.graether.cz\/zabava-v-chladnych-zimnich-dnech\/","headline":"Z\u00e1bava v chladn\u00fdch zimn\u00edch dnech","url":"https:\/\/www.graether.cz\/zabava-v-chladnych-zimnich-dnech\/","datePublished":"2023-12-26","dateModified":"2024-06-05","mainEntityOfPage":"https:\/\/www.graether.cz\/zabava-v-chladnych-zimnich-dnech\/","author":{"@type":"Person","@id":"https:\/\/www.graether.cz\/author\/#Person","name":"","url":"https:\/\/www.graether.cz\/author\/","identifier":1,"image":{"@type":"ImageObject","@id":"https:\/\/secure.gravatar.com\/avatar\/a1f3afbcba6a2c855138f9932fa7e5ab7d93bdcdef3da88e8b7e3a89881e43e8?s=96&d=mm&r=g","url":"https:\/\/secure.gravatar.com\/avatar\/a1f3afbcba6a2c855138f9932fa7e5ab7d93bdcdef3da88e8b7e3a89881e43e8?s=96&d=mm&r=g","height":96,"width":96}},"publisher":{"@type":"Organization","name":"graether.cz","logo":{"@type":"ImageObject","@id":"\/logo.png","url":"\/logo.png","width":600,"height":60}},"image":{"@type":"ImageObject","@id":"https:\/\/www.graether.cz\/wp-content\/uploads\/pexels-photo-2973392.jpeg","url":"https:\/\/www.graether.cz\/wp-content\/uploads\/pexels-photo-2973392.jpeg","height":0,"width":0},"wordCount":556,"keywords":null},{"@type":"Article","@id":"https:\/\/www.graether.cz\/je-dobre-byt-neustale-online\/","headline":"Je dobr\u00e9 b\u00fdt neust\u00e1le online?","url":"https:\/\/www.graether.cz\/je-dobre-byt-neustale-online\/","datePublished":"2023-12-26","dateModified":"2024-02-26","mainEntityOfPage":"https:\/\/www.graether.cz\/je-dobre-byt-neustale-online\/","author":{"@type":"Person","@id":"https:\/\/www.graether.cz\/author\/#Person","name":"","url":"https:\/\/www.graether.cz\/author\/","identifier":1,"image":{"@type":"ImageObject","@id":"https:\/\/secure.gravatar.com\/avatar\/a1f3afbcba6a2c855138f9932fa7e5ab7d93bdcdef3da88e8b7e3a89881e43e8?s=96&d=mm&r=g","url":"https:\/\/secure.gravatar.com\/avatar\/a1f3afbcba6a2c855138f9932fa7e5ab7d93bdcdef3da88e8b7e3a89881e43e8?s=96&d=mm&r=g","height":96,"width":96}},"publisher":{"@type":"Organization","name":"graether.cz","logo":{"@type":"ImageObject","@id":"\/logo.png","url":"\/logo.png","width":600,"height":60}},"image":{"@type":"ImageObject","@id":"https:\/\/www.graether.cz\/wp-content\/uploads\/mobil2_10_10_10_10_3.jpg","url":"https:\/\/www.graether.cz\/wp-content\/uploads\/mobil2_10_10_10_10_3.jpg","height":0,"width":0},"wordCount":1007,"keywords":null},{"@type":"Article","@id":"https:\/\/www.graether.cz\/vyhodna-hypoteka\/","headline":"V\u00fdhodn\u00e1 hypot\u00e9ka","url":"https:\/\/www.graether.cz\/vyhodna-hypoteka\/","datePublished":"2023-12-18","dateModified":"2024-01-18","mainEntityOfPage":"https:\/\/www.graether.cz\/vyhodna-hypoteka\/","author":{"@type":"Person","@id":"https:\/\/www.graether.cz\/author\/#Person","name":"","url":"https:\/\/www.graether.cz\/author\/","identifier":1,"image":{"@type":"ImageObject","@id":"https:\/\/secure.gravatar.com\/avatar\/a1f3afbcba6a2c855138f9932fa7e5ab7d93bdcdef3da88e8b7e3a89881e43e8?s=96&d=mm&r=g","url":"https:\/\/secure.gravatar.com\/avatar\/a1f3afbcba6a2c855138f9932fa7e5ab7d93bdcdef3da88e8b7e3a89881e43e8?s=96&d=mm&r=g","height":96,"width":96}},"publisher":{"@type":"Organization","name":"graether.cz","logo":{"@type":"ImageObject","@id":"\/logo.png","url":"\/logo.png","width":600,"height":60}},"image":{"@type":"ImageObject","@id":"https:\/\/www.graether.cz\/wp-content\/uploads\/fishermans-hut-4478427_1280.jpg","url":"https:\/\/www.graether.cz\/wp-content\/uploads\/fishermans-hut-4478427_1280.jpg","height":0,"width":0},"wordCount":546,"keywords":null},{"@type":"Article","@id":"https:\/\/www.graether.cz\/uver-ano-nebo-ne\/","headline":"\u00dav\u011br &#8211; ano, nebo ne","url":"https:\/\/www.graether.cz\/uver-ano-nebo-ne\/","datePublished":"2023-12-16","dateModified":"2023-12-16","mainEntityOfPage":"https:\/\/www.graether.cz\/uver-ano-nebo-ne\/","author":{"@type":"Person","@id":"https:\/\/www.graether.cz\/author\/#Person","name":"","url":"https:\/\/www.graether.cz\/author\/","identifier":1,"image":{"@type":"ImageObject","@id":"https:\/\/secure.gravatar.com\/avatar\/a1f3afbcba6a2c855138f9932fa7e5ab7d93bdcdef3da88e8b7e3a89881e43e8?s=96&d=mm&r=g","url":"https:\/\/secure.gravatar.com\/avatar\/a1f3afbcba6a2c855138f9932fa7e5ab7d93bdcdef3da88e8b7e3a89881e43e8?s=96&d=mm&r=g","height":96,"width":96}},"publisher":{"@type":"Organization","name":"graether.cz","logo":{"@type":"ImageObject","@id":"\/logo.png","url":"\/logo.png","width":600,"height":60}},"image":{"@type":"ImageObject","@id":"https:\/\/www.graether.cz\/wp-content\/uploads\/car-1733256_640.jpg","url":"https:\/\/www.graether.cz\/wp-content\/uploads\/car-1733256_640.jpg","height":0,"width":0},"wordCount":550,"keywords":null},{"@type":"Article","@id":"https:\/\/www.graether.cz\/stehovani-z-domu\/","headline":"St\u011bhov\u00e1n\u00ed z domu.","url":"https:\/\/www.graether.cz\/stehovani-z-domu\/","datePublished":"2023-12-15","dateModified":"2024-01-16","mainEntityOfPage":"https:\/\/www.graether.cz\/stehovani-z-domu\/","author":{"@type":"Person","@id":"https:\/\/www.graether.cz\/author\/#Person","name":"","url":"https:\/\/www.graether.cz\/author\/","identifier":1,"image":{"@type":"ImageObject","@id":"https:\/\/secure.gravatar.com\/avatar\/a1f3afbcba6a2c855138f9932fa7e5ab7d93bdcdef3da88e8b7e3a89881e43e8?s=96&d=mm&r=g","url":"https:\/\/secure.gravatar.com\/avatar\/a1f3afbcba6a2c855138f9932fa7e5ab7d93bdcdef3da88e8b7e3a89881e43e8?s=96&d=mm&r=g","height":96,"width":96}},"publisher":{"@type":"Organization","name":"graether.cz","logo":{"@type":"ImageObject","@id":"\/logo.png","url":"\/logo.png","width":600,"height":60}},"image":{"@type":"ImageObject","@id":"https:\/\/www.graether.cz\/wp-content\/uploads\/pexels-cottonbro-studio-4569324.jpg","url":"https:\/\/www.graether.cz\/wp-content\/uploads\/pexels-cottonbro-studio-4569324.jpg","height":0,"width":0},"wordCount":614,"keywords":null},{"@type":"Article","@id":"https:\/\/www.graether.cz\/jak-se-postavit-k-uniku-vody-v-dome\/","headline":"Jak se postavit k \u00faniku vody v dom\u011b","url":"https:\/\/www.graether.cz\/jak-se-postavit-k-uniku-vody-v-dome\/","datePublished":"2023-12-15","dateModified":"2024-01-16","mainEntityOfPage":"https:\/\/www.graether.cz\/jak-se-postavit-k-uniku-vody-v-dome\/","author":{"@type":"Person","@id":"https:\/\/www.graether.cz\/author\/#Person","name":"","url":"https:\/\/www.graether.cz\/author\/","identifier":1,"image":{"@type":"ImageObject","@id":"https:\/\/secure.gravatar.com\/avatar\/a1f3afbcba6a2c855138f9932fa7e5ab7d93bdcdef3da88e8b7e3a89881e43e8?s=96&d=mm&r=g","url":"https:\/\/secure.gravatar.com\/avatar\/a1f3afbcba6a2c855138f9932fa7e5ab7d93bdcdef3da88e8b7e3a89881e43e8?s=96&d=mm&r=g","height":96,"width":96}},"publisher":{"@type":"Organization","name":"graether.cz","logo":{"@type":"ImageObject","@id":"\/logo.png","url":"\/logo.png","width":600,"height":60}},"image":{"@type":"ImageObject","@id":"https:\/\/www.graether.cz\/wp-content\/uploads\/plumber-2788329_640_10_1.jpg","url":"https:\/\/www.graether.cz\/wp-content\/uploads\/plumber-2788329_640_10_1.jpg","height":0,"width":0},"wordCount":521,"keywords":null},{"@type":"Article","@id":"https:\/\/www.graether.cz\/vyroba-elektroniky-se-bez-plastickych-hmot-neobejde\/","headline":"V\u00fdroba elektroniky se bez plastick\u00fdch hmot neobejde","url":"https:\/\/www.graether.cz\/vyroba-elektroniky-se-bez-plastickych-hmot-neobejde\/","datePublished":"2023-12-05","dateModified":"2023-12-05","mainEntityOfPage":"https:\/\/www.graether.cz\/vyroba-elektroniky-se-bez-plastickych-hmot-neobejde\/","author":{"@type":"Person","@id":"https:\/\/www.graether.cz\/author\/#Person","name":"","url":"https:\/\/www.graether.cz\/author\/","identifier":1,"image":{"@type":"ImageObject","@id":"https:\/\/secure.gravatar.com\/avatar\/a1f3afbcba6a2c855138f9932fa7e5ab7d93bdcdef3da88e8b7e3a89881e43e8?s=96&d=mm&r=g","url":"https:\/\/secure.gravatar.com\/avatar\/a1f3afbcba6a2c855138f9932fa7e5ab7d93bdcdef3da88e8b7e3a89881e43e8?s=96&d=mm&r=g","height":96,"width":96}},"publisher":{"@type":"Organization","name":"graether.cz","logo":{"@type":"ImageObject","@id":"\/logo.png","url":"\/logo.png","width":600,"height":60}},"image":{"@type":"ImageObject","@id":"https:\/\/www.graether.cz\/wp-content\/uploads\/workplace-2303851_640_1.jpg","url":"https:\/\/www.graether.cz\/wp-content\/uploads\/workplace-2303851_640_1.jpg","height":0,"width":0},"wordCount":506,"keywords":null},{"@type":"Article","@id":"https:\/\/www.graether.cz\/diky-modernim-radovym-domum-praha-vychod-mate-o-jednu-starost-min\/","headline":"D\u00edky modern\u00edm \u0159adov\u00fdm dom\u016fm Praha v\u00fdchod m\u00e1te o jednu starost m\u00ed\u0148","url":"https:\/\/www.graether.cz\/diky-modernim-radovym-domum-praha-vychod-mate-o-jednu-starost-min\/","datePublished":"2023-11-30","dateModified":"2023-11-30","mainEntityOfPage":"https:\/\/www.graether.cz\/diky-modernim-radovym-domum-praha-vychod-mate-o-jednu-starost-min\/","author":{"@type":"Person","@id":"https:\/\/www.graether.cz\/author\/#Person","name":"","url":"https:\/\/www.graether.cz\/author\/","identifier":1,"image":{"@type":"ImageObject","@id":"https:\/\/secure.gravatar.com\/avatar\/a1f3afbcba6a2c855138f9932fa7e5ab7d93bdcdef3da88e8b7e3a89881e43e8?s=96&d=mm&r=g","url":"https:\/\/secure.gravatar.com\/avatar\/a1f3afbcba6a2c855138f9932fa7e5ab7d93bdcdef3da88e8b7e3a89881e43e8?s=96&d=mm&r=g","height":96,"width":96}},"publisher":{"@type":"Organization","name":"graether.cz","logo":{"@type":"ImageObject","@id":"\/logo.png","url":"\/logo.png","width":600,"height":60}},"image":null,"wordCount":276,"keywords":null},{"@type":"Article","@id":"https:\/\/www.graether.cz\/kdy-je-pro-mlade-lidi-ten-spravny-cas-najit-si-vlastni-byt\/","headline":"Kdy je pro mlad\u00e9 lidi ten spr\u00e1vn\u00fd \u010das naj\u00edt si vlastn\u00ed byt?","url":"https:\/\/www.graether.cz\/kdy-je-pro-mlade-lidi-ten-spravny-cas-najit-si-vlastni-byt\/","datePublished":"2023-11-23","dateModified":"2023-11-23","mainEntityOfPage":"https:\/\/www.graether.cz\/kdy-je-pro-mlade-lidi-ten-spravny-cas-najit-si-vlastni-byt\/","author":{"@type":"Person","@id":"https:\/\/www.graether.cz\/author\/#Person","name":"","url":"https:\/\/www.graether.cz\/author\/","identifier":1,"image":{"@type":"ImageObject","@id":"https:\/\/secure.gravatar.com\/avatar\/a1f3afbcba6a2c855138f9932fa7e5ab7d93bdcdef3da88e8b7e3a89881e43e8?s=96&d=mm&r=g","url":"https:\/\/secure.gravatar.com\/avatar\/a1f3afbcba6a2c855138f9932fa7e5ab7d93bdcdef3da88e8b7e3a89881e43e8?s=96&d=mm&r=g","height":96,"width":96}},"publisher":{"@type":"Organization","name":"graether.cz","logo":{"@type":"ImageObject","@id":"\/logo.png","url":"\/logo.png","width":600,"height":60}},"image":{"@type":"ImageObject","@id":"https:\/\/www.graether.cz\/wp-content\/uploads\/panelak1_10_10_10_7.jpg","url":"https:\/\/www.graether.cz\/wp-content\/uploads\/panelak1_10_10_10_7.jpg","height":0,"width":0},"wordCount":510,"keywords":null}]},{"@context":"https:\/\/schema.org","@type":"WebSite","@id":"https:\/\/www.graether.cz\/#website","name":"Graether","url":"https:\/\/www.graether.cz","potentialAction":{"@type":"SearchAction","target":"https:\/\/www.graether.cz\/?s={search_term_string}","query-input":"required name=search_term_string"}}]