[{"@context":"https:\/\/schema.org\/","@type":"Article","@id":"https:\/\/www.graether.cz\/proc-je-ochrana-prirody-tak-dulezita\/#Article","mainEntityOfPage":"https:\/\/www.graether.cz\/proc-je-ochrana-prirody-tak-dulezita\/","headline":"Pro\u010d je ochrana p\u0159\u00edrody tak d\u016fle\u017eit\u00e1","name":"Pro\u010d je ochrana p\u0159\u00edrody tak d\u016fle\u017eit\u00e1","description":"V&Acirc;&nbsp;posledn&Atilde;&shy; dob&Auml;&#8250; si m&Aring;&macr;&Aring;&frac34;eme v&Aring;&iexcl;imnout, &Aring;&frac34;e je i z&Acirc;&nbsp;vl&Atilde;&iexcl;dn&Atilde;&shy;ch kruh&Aring;&macr; st&Atilde;&iexcl;le v&Atilde;&shy;ce vyv&Atilde;&shy;jen tlak na ochranu p&Aring;&#8482;&Atilde;&shy;rody a na takzvan&Atilde;&copy; &acirc;&#8364;&#382;zelen&Atilde;&copy; hospod&Atilde;&iexcl;&Aring;&#8482;stv&Atilde;&shy;&acirc;&#8364;&#339;. Typick&Atilde;&frac12;m p&Aring;&#8482;&Atilde;&shy;kladem je p&Aring;&#8482;echod na elektrick&Atilde;&copy; automobily &Auml;i vyu&Aring;&frac34;&Atilde;&shy;v&Atilde;&iexcl;n&Atilde;&shy; v&Atilde;&frac12;hradn&Auml;&#8250; energie z&Acirc;&nbsp;obnoviteln&Atilde;&frac12;ch zdroj&Aring;&macr;. A a&Auml;koliv ob&Auml;&#8250; v&Atilde;&frac12;&Aring;&iexcl;e jmenovan&Atilde;&iexcl; opat&Aring;&#8482;en&Atilde;&shy; maj&Atilde;&shy; sv&Atilde;&copy; vlastn&Atilde;&shy; probl&Atilde;&copy;my, jsou pro p&Aring;&#8482;&Atilde;&shy;rodu jako takovou &Aring;&iexcl;etrn&Auml;&#8250;j&Aring;&iexcl;&Atilde;&shy;, ne&Aring;&frac34; sou&Auml;asn&Atilde;&iexcl; alternativa. &Acirc;&nbsp;...","datePublished":"2022-12-30","dateModified":"2023-11-30","author":{"@type":"Person","@id":"https:\/\/www.graether.cz\/author\/#Person","name":"","url":"https:\/\/www.graether.cz\/author\/","identifier":1,"image":{"@type":"ImageObject","@id":"https:\/\/secure.gravatar.com\/avatar\/a1f3afbcba6a2c855138f9932fa7e5ab7d93bdcdef3da88e8b7e3a89881e43e8?s=96&d=mm&r=g","url":"https:\/\/secure.gravatar.com\/avatar\/a1f3afbcba6a2c855138f9932fa7e5ab7d93bdcdef3da88e8b7e3a89881e43e8?s=96&d=mm&r=g","height":96,"width":96}},"publisher":{"@type":"Organization","name":"graether.cz","logo":{"@type":"ImageObject","@id":"\/logo.png","url":"\/logo.png","width":600,"height":60}},"image":{"@type":"ImageObject","@id":"https:\/\/www.graether.cz\/wp-content\/uploads\/auto27_5.jpg","url":"https:\/\/www.graether.cz\/wp-content\/uploads\/auto27_5.jpg","height":0,"width":0},"url":"https:\/\/www.graether.cz\/proc-je-ochrana-prirody-tak-dulezita\/","about":["V\u011bda"],"wordCount":884,"articleBody":"V&Acirc;&nbsp;posledn&Atilde;&shy; dob&Auml;&#8250; si m&Aring;&macr;&Aring;&frac34;eme v&Aring;&iexcl;imnout, &Aring;&frac34;e je i z&Acirc;&nbsp;vl&Atilde;&iexcl;dn&Atilde;&shy;ch kruh&Aring;&macr; st&Atilde;&iexcl;le v&Atilde;&shy;ce vyv&Atilde;&shy;jen tlak na ochranu p&Aring;&#8482;&Atilde;&shy;rody a na takzvan&Atilde;&copy; &acirc;&#8364;&#382;zelen&Atilde;&copy; hospod&Atilde;&iexcl;&Aring;&#8482;stv&Atilde;&shy;&acirc;&#8364;&#339;. Typick&Atilde;&frac12;m p&Aring;&#8482;&Atilde;&shy;kladem je p&Aring;&#8482;echod na elektrick&Atilde;&copy; automobily &Auml;i vyu&Aring;&frac34;&Atilde;&shy;v&Atilde;&iexcl;n&Atilde;&shy; v&Atilde;&frac12;hradn&Auml;&#8250; energie z&Acirc;&nbsp;obnoviteln&Atilde;&frac12;ch zdroj&Aring;&macr;. A a&Auml;koliv ob&Auml;&#8250; v&Atilde;&frac12;&Aring;&iexcl;e jmenovan&Atilde;&iexcl; opat&Aring;&#8482;en&Atilde;&shy; maj&Atilde;&shy; sv&Atilde;&copy; vlastn&Atilde;&shy; probl&Atilde;&copy;my, jsou pro p&Aring;&#8482;&Atilde;&shy;rodu jako takovou &Aring;&iexcl;etrn&Auml;&#8250;j&Aring;&iexcl;&Atilde;&shy;, ne&Aring;&frac34; sou&Auml;asn&Atilde;&iexcl; alternativa.&Acirc;&nbsp;Zde se m&Aring;&macr;&Aring;&frac34;eme pt&Atilde;&iexcl;t, z&Acirc;&nbsp;jak&Atilde;&copy;ho d&Aring;&macr;vodu tomu tak je. P&Aring;&#8482;eci jen, co n&Atilde;&iexcl;m z&Atilde;&iexcl;le&Aring;&frac34;&Atilde;&shy; na tom, odkud na&Aring;&iexcl;e elekt&Aring;&#8482;ina poch&Atilde;&iexcl;z&Atilde;&shy; nebo jak&Atilde;&frac12;m autem jedeme, pokud n&Atilde;&iexcl;m budou slou&Aring;&frac34;it dob&Aring;&#8482;e. Probl&Atilde;&copy;m je v&Aring;&iexcl;ak v&Acirc;&nbsp;tom, &Aring;&frac34;e si lid&Atilde;&copy; kone&Auml;n&Auml;&#8250; za&Auml;&Atilde;&shy;naj&Atilde;&shy; uv&Auml;&#8250;domovat, jak d&Aring;&macr;le&Aring;&frac34;it&Atilde;&iexcl; je p&Aring;&#8482;&Atilde;&shy;roda i pro n&Atilde;&iexcl;s.&Acirc;&nbsp;&Acirc;&nbsp;O glob&Atilde;&iexcl;ln&Atilde;&shy;ch zm&Auml;&#8250;n&Atilde;&iexcl;ch klimatu se samoz&Aring;&#8482;ejm&Auml;&#8250; v&Atilde;&shy; ji&Aring;&frac34; cel&Atilde;&iexcl; desetilet&Atilde;&shy;, av&Aring;&iexcl;ak pouze v&Acirc;&nbsp;posledn&Atilde;&shy;ch n&Auml;&#8250;kolika letech se objevuje tlak s&Acirc;&nbsp;t&Atilde;&shy;m n&Auml;&#8250;co d&Auml;&#8250;lat, a&Aring;&yen; u&Aring;&frac34; jde o v&Atilde;&frac12;&Aring;&iexcl;e zm&Atilde;&shy;n&Auml;&#8250;n&Atilde;&iexcl; opat&Aring;&#8482;en&Atilde;&shy; nebo nejr&Aring;&macr;zn&Auml;&#8250;j&Aring;&iexcl;&Atilde;&shy; kampan&Auml;&#8250; zam&Auml;&#8250;&Aring;&#8482;en&Atilde;&copy; nap&Aring;&#8482;&Atilde;&shy;klad na t&Aring;&#8482;&Atilde;&shy;d&Auml;&#8250;n&Atilde;&shy; odpadu.&Acirc;&nbsp;Pro&Auml; ale najednou takov&Atilde;&frac12; z&Atilde;&iexcl;jem? Jednodu&Aring;&iexcl;e proto, &Aring;&frac34;e i politici kone&Auml;n&Auml;&#8250; pochopili, jak&Atilde;&copy; n&Atilde;&iexcl;sledky by mohlo m&Atilde;&shy;t ignorov&Atilde;&iexcl;n&Atilde;&shy; t&Auml;&#8250;chto lidmi kdy&Aring;&frac34; ne p&Aring;&#8482;&Atilde;&shy;mo vyvolan&Atilde;&frac12;ch, tak alespo&Aring;&#710; zna&Auml;n&Auml;&#8250; urychlen&Atilde;&frac12;ch zm&Auml;&#8250;n. A v&Auml;&#8250;&Aring;&#8482;te, &Aring;&frac34;e ty by nebyly dobr&Atilde;&copy;.&Acirc;&nbsp;&Acirc;&nbsp;V&Acirc;&nbsp;prvn&Atilde;&shy; &Aring;&#8482;ad&Auml;&#8250; jsou to st&Atilde;&iexcl;le extr&Atilde;&copy;mn&Auml;&#8250;j&Aring;&iexcl;&Atilde;&shy; formy po&Auml;as&Atilde;&shy;, kter&Atilde;&copy; se objevuj&Atilde;&shy; ji&Aring;&frac34; i u n&Atilde;&iexcl;s. Torn&Atilde;&iexcl;da, povodn&Auml;&#8250; a dal&Aring;&iexcl;&Atilde;&shy; jsou st&Atilde;&iexcl;le &Auml;ast&Auml;&#8250;j&Aring;&iexcl;&Atilde;&shy;, a to i v&Acirc;&nbsp;na&Aring;&iexcl;ich kon&Auml;in&Atilde;&iexcl;ch. Tak&Atilde;&copy; se m&Auml;&#8250;n&Atilde;&shy; rozd&Auml;&#8250;len&Atilde;&shy; sr&Atilde;&iexcl;&Aring;&frac34;ek, kdy v&Auml;&#8250;t&Aring;&iexcl;ina jich spadne mimo vegeta&Auml;n&Atilde;&shy; obdob&Atilde;&shy;.&Acirc;&nbsp;To samoz&Aring;&#8482;ejm&Auml;&#8250; znamen&Atilde;&iexcl; nejen obrovsk&Atilde;&copy; &Aring;&iexcl;kody na majetku a mnohdy tak&Atilde;&copy; na &Aring;&frac34;ivotech, ale tak&Atilde;&copy; &Atilde;&ordm;bytek potravin, kter&Atilde;&copy; jsou bu&Auml; zni&Auml;eny p&Aring;&#8482;i v&Atilde;&frac12;&Aring;&iexcl;e zm&Atilde;&shy;n&Auml;&#8250;n&Atilde;&frac12;ch p&Aring;&#8482;&Atilde;&shy;rodn&Atilde;&shy;ch katastrof&Atilde;&iexcl;ch, nebo jsou jejich v&Atilde;&frac12;nosy men&Aring;&iexcl;&Atilde;&shy; kv&Aring;&macr;li suchu. O tom, &Aring;&frac34;e d&Aring;&macr;sledkem by eventueln&Auml;&#8250; mohl b&Atilde;&frac12;t hladomor, nen&Atilde;&shy; sporu.&Acirc;&nbsp;Vzhledem k&Acirc;&nbsp;v&Atilde;&frac12;&Aring;&iexcl;e uveden&Atilde;&copy;mu je jasn&Atilde;&copy;, &Aring;&frac34;e bychom na&Aring;&iexcl;i planetu nem&Auml;&#8250;li ignorovat. Jist&Auml;&#8250;, m&Aring;&macr;&Aring;&frac34;eme nam&Atilde;&shy;tnout, &Aring;&frac34;e jeden &Auml;lov&Auml;&#8250;k toho moc nezm&Aring;&macr;&Aring;&frac34;e. Ov&Aring;&iexcl;em kdy&Aring;&frac34; ud&Auml;&#8250;l&Atilde;&iexcl; sv&Aring;&macr;j kousek by&Aring;&yen; i jen polovina obyvatel Zem&Auml;&#8250;, v&Atilde;&frac12;sledek se u&Aring;&frac34; dostav&Atilde;&shy;.                                                                                                                                                                                                                                                                                                                                                                                        4.4\/5 - (10 votes)        "},{"@context":"https:\/\/schema.org\/","@type":"BreadcrumbList","itemListElement":[{"@type":"ListItem","position":1,"name":"Pro\u010d je ochrana p\u0159\u00edrody tak d\u016fle\u017eit\u00e1","item":"https:\/\/www.graether.cz\/proc-je-ochrana-prirody-tak-dulezita\/#breadcrumbitem"}]}]