[{"@context":"https:\/\/schema.org\/","@type":"Article","@id":"https:\/\/www.graether.cz\/protisklenikovy-efekt\/#Article","mainEntityOfPage":"https:\/\/www.graether.cz\/protisklenikovy-efekt\/","headline":"Protisklen\u00edkov\u00fd efekt","name":"Protisklen\u00edkov\u00fd efekt","description":"Tak&Atilde;&copy; tak &Aring;&iexcl;patn&Auml;&#8250; sn&Atilde;&iexcl;&Aring;&iexcl;&Atilde;&shy;te sklen&Atilde;&shy;kov&Atilde;&frac12; efekt, ke kter&Atilde;&copy;mu ka&Aring;&frac34;doro&Auml;n&Auml;&#8250; doch&Atilde;&iexcl;z&Atilde;&shy; ji&Aring;&frac34; s n&Atilde;&iexcl;stupem jara a jeho&Aring;&frac34; nejv&Auml;&#8250;t&Aring;&iexcl;&Atilde;&shy; projevy poci&Aring;&yen;ujete v l&Atilde;&copy;t&Auml;&#8250; za okny sv&Atilde;&copy;ho rozp&Atilde;&iexcl;len&Atilde;&copy;ho automobilu? No jak jste se mohli p&Aring;&#8482;esv&Auml;&#8250;d&Auml;it ji&Aring;&frac34; za&Auml;&Atilde;&iexcl;tkem leto&Aring;&iexcl;n&Atilde;&shy;ho jara, budete se s n&Atilde;&shy;m op&Auml;&#8250;t muset sm&Atilde;&shy;&Aring;&#8482;it a&Aring;&frac34; do p&Aring;&#8482;&Atilde;&shy;chodu po&Aring;&iexcl;mourn&Atilde;&copy;ho a de&Aring;&iexcl;tiv&Atilde;&copy;ho podzimu. I kdy&Aring;&frac34; jedna mo&Aring;&frac34;nost, jak...","datePublished":"2023-03-10","dateModified":"2024-03-11","author":{"@type":"Person","@id":"https:\/\/www.graether.cz\/author\/#Person","name":"","url":"https:\/\/www.graether.cz\/author\/","identifier":1,"image":{"@type":"ImageObject","@id":"https:\/\/secure.gravatar.com\/avatar\/a1f3afbcba6a2c855138f9932fa7e5ab7d93bdcdef3da88e8b7e3a89881e43e8?s=96&d=mm&r=g","url":"https:\/\/secure.gravatar.com\/avatar\/a1f3afbcba6a2c855138f9932fa7e5ab7d93bdcdef3da88e8b7e3a89881e43e8?s=96&d=mm&r=g","height":96,"width":96}},"publisher":{"@type":"Organization","name":"graether.cz","logo":{"@type":"ImageObject","@id":"\/logo.png","url":"\/logo.png","width":600,"height":60}},"url":"https:\/\/www.graether.cz\/protisklenikovy-efekt\/","wordCount":510,"articleBody":"Tak&Atilde;&copy; tak &Aring;&iexcl;patn&Auml;&#8250; sn&Atilde;&iexcl;&Aring;&iexcl;&Atilde;&shy;te sklen&Atilde;&shy;kov&Atilde;&frac12; efekt, ke kter&Atilde;&copy;mu ka&Aring;&frac34;doro&Auml;n&Auml;&#8250; doch&Atilde;&iexcl;z&Atilde;&shy; ji&Aring;&frac34; s n&Atilde;&iexcl;stupem jara a jeho&Aring;&frac34; nejv&Auml;&#8250;t&Aring;&iexcl;&Atilde;&shy; projevy poci&Aring;&yen;ujete v l&Atilde;&copy;t&Auml;&#8250; za okny sv&Atilde;&copy;ho rozp&Atilde;&iexcl;len&Atilde;&copy;ho automobilu? No jak jste se mohli p&Aring;&#8482;esv&Auml;&#8250;d&Auml;it ji&Aring;&frac34; za&Auml;&Atilde;&iexcl;tkem leto&Aring;&iexcl;n&Atilde;&shy;ho jara, budete se s n&Atilde;&shy;m op&Auml;&#8250;t muset sm&Atilde;&shy;&Aring;&#8482;it a&Aring;&frac34; do p&Aring;&#8482;&Atilde;&shy;chodu po&Aring;&iexcl;mourn&Atilde;&copy;ho a de&Aring;&iexcl;tiv&Atilde;&copy;ho podzimu. I kdy&Aring;&frac34; jedna mo&Aring;&frac34;nost, jak sn&Atilde;&shy;&Aring;&frac34;it &Atilde;&ordm;&Auml;inky slune&Auml;n&Atilde;&shy;ho z&Atilde;&iexcl;&Aring;&#8482;en&Atilde;&shy; proch&Atilde;&iexcl;zej&Atilde;&shy;c&Atilde;&shy;ho okny va&Aring;&iexcl;eho automobilu, by zde byla. P&Aring;&#8482;&Atilde;&shy;nosn&Atilde;&frac12;m &Aring;&#8482;e&Aring;&iexcl;en&Atilde;&shy;m pro v&Atilde;&iexcl;s, kter&Atilde;&copy; by mohlo p&Aring;&#8482;isp&Auml;&#8250;t k va&Aring;&iexcl;emu p&Aring;&#8482;&Atilde;&shy;jemn&Auml;&#8250;j&Aring;&iexcl;&Atilde;&shy;mu cestov&Atilde;&iexcl;n&Atilde;&shy; a lep&Aring;&iexcl;&Atilde;&shy;mu sn&Atilde;&iexcl;&Aring;&iexcl;en&Atilde;&shy; nep&Aring;&#8482;&Atilde;&shy;jemn&Atilde;&frac12;ch klimatick&Atilde;&frac12;ch projev&Aring;&macr; nadch&Atilde;&iexcl;zej&Atilde;&shy;c&Atilde;&shy;ho l&Atilde;&copy;ta by to mohlo b&Atilde;&frac12;t t&Atilde;&sup3;nov&Atilde;&iexcl;n&Atilde;&shy; autoskel Brno.Letn&Atilde;&shy; sezona za volantem v pohod&Auml;&#8250;O v&Atilde;&iexcl;&Aring;&iexcl; automobil se postar&Atilde;&iexcl; spole&Auml;nost CentroCar, kter&Atilde;&iexcl; autoskla va&Aring;&iexcl;eho vozu p&Aring;&#8482;iprav&Atilde;&shy; na nadch&Atilde;&iexcl;zej&Atilde;&shy;c&Atilde;&shy; letn&Atilde;&shy; sezonu naprosto perfektn&Auml;&#8250;. V &Aring;&frac34;&Atilde;&iexcl;dn&Atilde;&copy;m p&Aring;&#8482;&Atilde;&shy;pad&Auml;&#8250; ned&Atilde;&iexcl;vejte p&Aring;&#8482;ednost n&Auml;&#8250;jak&Atilde;&copy;mu pokoutn&Atilde;&shy;mu zatmavov&Atilde;&iexcl;n&Atilde;&shy; oken va&Aring;&iexcl;eho automobilu, ale obra&Aring;&yen;te se pr&Atilde;&iexcl;v&Auml;&#8250; na tuto renomovanou spole&Auml;nost, kter&Atilde;&iexcl; m&Atilde;&iexcl; na ve&Aring;&iexcl;ker&Atilde;&copy; zabarvovac&Atilde;&shy; f&Atilde;&sup3;lie atesty. Krom&Auml;&#8250; v&Atilde;&frac12;&Aring;&iexcl;e uveden&Atilde;&copy;ho protisklen&Atilde;&shy;kov&Atilde;&copy;ho efektu se takto upraven&Atilde;&iexcl; okna va&Aring;&iexcl;eho automobilu mohou st&Atilde;&iexcl;t i vzhledov&Auml;&#8250; velmi zaj&Atilde;&shy;mav&Atilde;&frac12;m prvkem.                                                                                                                                                                                                                                                                                                                                                                                        3.9\/5 - (12 votes)        "},{"@context":"https:\/\/schema.org\/","@type":"BreadcrumbList","itemListElement":[{"@type":"ListItem","position":1,"name":"Protisklen\u00edkov\u00fd efekt","item":"https:\/\/www.graether.cz\/protisklenikovy-efekt\/#breadcrumbitem"}]}]