[{"@context":"https:\/\/schema.org\/","@type":"Article","@id":"https:\/\/www.graether.cz\/ucetnictvi-je-narocne\/#Article","mainEntityOfPage":"https:\/\/www.graether.cz\/ucetnictvi-je-narocne\/","headline":"\u00da\u010detnictv\u00ed je n\u00e1ro\u010dn\u00e9","name":"\u00da\u010detnictv\u00ed je n\u00e1ro\u010dn\u00e9","description":"Jestli je na soukrom\u00e9m podnik\u00e1n\u00ed n\u011bco p\u0159\u00edjemn\u00e9, je to skute\u010dnost, \u017ee se t\u00edm daj\u00ed vyd\u011bl\u00e1vat pen\u00edze. A to klidn\u011b i takov\u00e9 pen\u00edze, o jak\u00fdch se oby\u010dejn\u00fdm zam\u011bstnanc\u016fm ani nezd\u00e1, o lidech \u017eij\u00edc\u00edch na n\u011bjak\u00fdch t\u011bch d\u00e1vk\u00e1ch od st\u00e1tu u\u017e ani nemluv\u011b. Soukrom\u00ed podnikatel\u00e9 prost\u011b pracuj\u00ed, nech\u00e1vaj\u00ed si za svoji pr\u00e1ci adekv\u00e1tn\u011b zaplatit, a to, co...","datePublished":"2022-09-18","dateModified":"2022-09-18","author":{"@type":"Person","@id":"https:\/\/www.graether.cz\/author\/#Person","name":"","url":"https:\/\/www.graether.cz\/author\/","identifier":1,"image":{"@type":"ImageObject","@id":"https:\/\/secure.gravatar.com\/avatar\/a1f3afbcba6a2c855138f9932fa7e5ab7d93bdcdef3da88e8b7e3a89881e43e8?s=96&d=mm&r=g","url":"https:\/\/secure.gravatar.com\/avatar\/a1f3afbcba6a2c855138f9932fa7e5ab7d93bdcdef3da88e8b7e3a89881e43e8?s=96&d=mm&r=g","height":96,"width":96}},"publisher":{"@type":"Organization","name":"graether.cz","logo":{"@type":"ImageObject","@id":"\/logo.png","url":"\/logo.png","width":600,"height":60}},"image":{"@type":"ImageObject","@id":"https:\/\/www.graether.cz\/wp-content\/uploads\/pap%C3%ADrov%C3%A9%20pen%C3%ADze_5.jpg","url":"https:\/\/www.graether.cz\/wp-content\/uploads\/pap%C3%ADrov%C3%A9%20pen%C3%ADze_5.jpg","height":0,"width":0},"url":"https:\/\/www.graether.cz\/ucetnictvi-je-narocne\/","about":["Business"],"wordCount":467,"articleBody":"   Jestli je na soukrom\u00e9m podnik\u00e1n\u00ed n\u011bco p\u0159\u00edjemn\u00e9, je to skute\u010dnost, \u017ee se t\u00edm daj\u00ed vyd\u011bl\u00e1vat pen\u00edze. A to klidn\u011b i takov\u00e9 pen\u00edze, o jak\u00fdch se oby\u010dejn\u00fdm zam\u011bstnanc\u016fm ani nezd\u00e1, o lidech \u017eij\u00edc\u00edch na n\u011bjak\u00fdch t\u011bch d\u00e1vk\u00e1ch od st\u00e1tu u\u017e ani nemluv\u011b. Soukrom\u00ed podnikatel\u00e9 prost\u011b pracuj\u00ed, nech\u00e1vaj\u00ed si za svoji pr\u00e1ci adekv\u00e1tn\u011b zaplatit, a to, co dostanou, je po ode\u010dten\u00ed v\u0161ech v\u00fddaj\u016f a povinn\u00fdch odvod\u016f jejich. Ov\u0161em v tom posledn\u011b zm\u00edn\u011bn\u00e9m u\u017e se ukr\u00fdv\u00e1 i n\u011bco, co na takov\u00e9m podnik\u00e1n\u00ed zase a\u017e tak dokonal\u00e9 nen\u00ed.  Ba a co m\u016f\u017ee leckomu d\u011blat i vysloven\u00e9 vr\u00e1sky na \u010dele. Ano, k jak\u00e9koliv v\u00fdd\u011ble\u010dn\u00e9 \u010dinnosti, soukrom\u00e9 podnik\u00e1n\u00ed nevyj\u00edmaje, pat\u0159\u00ed krom\u011b vyd\u011bl\u00e1v\u00e1n\u00ed i \u00fa\u010detnictv\u00ed. A to se stalo v pr\u016fb\u011bhu d\u011bjin v\u00fdd\u011ble\u010dn\u00e9 \u010dinnosti n\u011b\u010d\u00edm, co rozhodn\u011b nen\u00ed hra\u010dka.Ti, kdo o z\u00e1le\u017eitostech, je\u017e spadaj\u00ed pod \u00fa\u010detnictv\u00ed, rozhodli a nad\u00e1le rozhoduj\u00ed, si zkr\u00e1tka vymysleli n\u011bco, co je n\u00e1ramn\u011b slo\u017eit\u00fd syst\u00e9m, ve kter\u00e9m se d\u00e1 \u010d\u00edm d\u00e1l h\u016f\u0159 orientovat. U\u017e d\u00e1vno nesta\u010d\u00ed jenom vz\u00edt vyd\u011blan\u00e9 pen\u00edze, odebrat z nich to, co se m\u00e1 zaplatit, a ten zbytek m\u00edt za sv\u016fj zisk, se kter\u00fdm lze nakl\u00e1dat podle vlastn\u00edho uv\u00e1\u017een\u00ed. U\u017e se tu s takov\u00fdmi p\u0159\u00edjmy d\u011blaj\u00ed daleko \u010detn\u011bj\u0161\u00ed a slo\u017eit\u011bj\u0161\u00ed propo\u010dty.Z pen\u011bz, je\u017e podnikatel dostane, se mus\u00ed ode\u010d\u00edst podle z\u00e1kon\u016f to, co n\u00e1le\u017e\u00ed st\u00e1tu, a toto se mus\u00ed odv\u00e9st. Pak se z toho plat\u00ed zdravotn\u00edm poji\u0161\u0165ovn\u00e1m a kdo v\u00ed, komu je\u0161t\u011b, z n\u011b\u010deho se daj\u00ed vypo\u010d\u00edtat da\u0148ov\u00e9 \u00falevy\u2026 V tom aby se prost\u011b prase vyznalo. I kdy\u017e si n\u011bco takov\u00e9ho vlastn\u011b ani prase nezaslou\u017e\u00ed.A co by si po\u010dal podnikatel, kter\u00fd by si vedl \u00fa\u010detnictv\u00ed s\u00e1m? Musel by t\u00edm ztr\u00e1cet \u010das a musel by tak\u00e9 neust\u00e1le sledovat zm\u011bny a studovat stohy p\u0159edpis\u016f, norem a z\u00e1kon\u016f. A\u017e by mu t\u0159eba nemusel zb\u00fdt \u017e\u00e1dn\u00fd \u010das na podnik\u00e1n\u00ed samotn\u00e9. Nebo by se mohl z toho po\u010d\u00edt\u00e1n\u00ed zbl\u00e1znit.A jak se z toho nezbl\u00e1znit? Nejl\u00e9pe tak, \u017ee to nech\u00e1 podnikatel na odborn\u00edc\u00edch. Proto\u017ee je-li m\u00edstem pro veden\u00ed podobn\u00e9ho \u00fa\u010detnictv\u00ed Praha 9 Jkcredit se toho r\u00e1d ujme a za\u0159\u00edd\u00ed v\u0161e, co se takov\u00e9ho \u00fa\u010detnictv\u00ed t\u00fdk\u00e1. A podnikatel si m\u016f\u017ee v klidu pracovat.                                                                                                                                                                                                                                                                                                                                                                                          3.8\/5 - (5 votes)        "},{"@context":"https:\/\/schema.org\/","@type":"BreadcrumbList","itemListElement":[{"@type":"ListItem","position":1,"name":"\u00da\u010detnictv\u00ed je n\u00e1ro\u010dn\u00e9","item":"https:\/\/www.graether.cz\/ucetnictvi-je-narocne\/#breadcrumbitem"}]}]