[{"@context":"https:\/\/schema.org\/","@type":"Article","@id":"https:\/\/www.graether.cz\/vydejte-se-na-hory\/#Article","mainEntityOfPage":"https:\/\/www.graether.cz\/vydejte-se-na-hory\/","headline":"Vydejte se na hory!","name":"Vydejte se na hory!","description":"Ka\u017ed\u00e1 lokalita na dovolenou m\u00e1 sv\u00e9 pozitivn\u00ed a sv\u00e9 negativn\u00ed vlastnosti, ka\u017ed\u00fd ale vn\u00edm\u00e1 \u00fapln\u011b jin\u00e9, proto\u017ee n\u011bkdo m\u00e1 rad\u0161i n\u011bco jin\u00e9ho ne\u017e ten druh\u00fd, proto nejde v\u017edy s jistotou \u0159\u00edci, co je doopravdy to negativn\u00ed nebo co je to pozitivn\u00ed. Mus\u00edte myslet na to, \u017ee ka\u017ed\u00e9mu se l\u00edb\u00ed n\u011bco jin\u00e9ho a ka\u017ed\u00fd se c\u00edt\u00ed...","datePublished":"2023-04-22","dateModified":"2023-05-31","author":{"@type":"Person","@id":"https:\/\/www.graether.cz\/author\/#Person","name":"","url":"https:\/\/www.graether.cz\/author\/","identifier":1,"image":{"@type":"ImageObject","@id":"https:\/\/secure.gravatar.com\/avatar\/a1f3afbcba6a2c855138f9932fa7e5ab7d93bdcdef3da88e8b7e3a89881e43e8?s=96&d=mm&r=g","url":"https:\/\/secure.gravatar.com\/avatar\/a1f3afbcba6a2c855138f9932fa7e5ab7d93bdcdef3da88e8b7e3a89881e43e8?s=96&d=mm&r=g","height":96,"width":96}},"publisher":{"@type":"Organization","name":"graether.cz","logo":{"@type":"ImageObject","@id":"\/logo.png","url":"\/logo.png","width":600,"height":60}},"image":{"@type":"ImageObject","@id":"https:\/\/www.graether.cz\/wp-content\/uploads\/mountain-landscape-2031539_1280.jpg","url":"https:\/\/www.graether.cz\/wp-content\/uploads\/mountain-landscape-2031539_1280.jpg","height":0,"width":0},"url":"https:\/\/www.graether.cz\/vydejte-se-na-hory\/","about":["Nakupov\u00e1n\u00ed"],"wordCount":438,"articleBody":"   Ka\u017ed\u00e1 lokalita na dovolenou m\u00e1 sv\u00e9 pozitivn\u00ed a sv\u00e9 negativn\u00ed vlastnosti, ka\u017ed\u00fd ale vn\u00edm\u00e1 \u00fapln\u011b jin\u00e9, proto\u017ee n\u011bkdo m\u00e1 rad\u0161i n\u011bco jin\u00e9ho ne\u017e ten druh\u00fd, proto nejde v\u017edy s jistotou \u0159\u00edci, co je doopravdy to negativn\u00ed nebo co je to pozitivn\u00ed. Mus\u00edte myslet na to, \u017ee ka\u017ed\u00e9mu se l\u00edb\u00ed n\u011bco jin\u00e9ho a ka\u017ed\u00fd se c\u00edt\u00ed jinde trochu jinak podle toho, kde se zrovna nach\u00e1z\u00ed. Kdy\u017e se tedy bude va\u0161\u00ed kamar\u00e1dce l\u00edbit n\u011bjak\u00e9 m\u00edsto u mo\u0159e, tak v\u00e1m se t\u0159eba l\u00edbit nemus\u00ed, nen\u00ed to toti\u017e nutn\u011b podm\u00ednka, nav\u00edc ka\u017ed\u00fd m\u00e1me opravdu sv\u00e9 v\u011bci, kter\u00e9 se n\u00e1m l\u00edb\u00ed a ka\u017ed\u00fd preferujeme n\u011bco jin\u00e9ho, jak u\u017e jsme v\u00fd\u0161e zmi\u0148ovali.Ka\u017ed\u00fd si tedy vyb\u00edr\u00e1 dovolenou podle sebe a podle toho, jak ji chce str\u00e1vit. N\u011bkte\u0159\u00ed jezd\u00ed k mo\u0159i, proto\u017ee miluj\u00ed teplo a slun\u00ed\u010dko a cht\u011bj\u00ed se hold slunit, le\u017eet na pl\u00e1\u017ei a nic ned\u011blat, pak tu jsou na druhou stranu lid\u00e9, kte\u0159\u00ed cht\u011bj\u00ed sp\u00ed\u0161e cestovat a pozn\u00e1vat zemi, kam pojedou, tak\u017ee jedou i do m\u00edrn\u00e9ho p\u00e1su a podobn\u011b, proto\u017ee jim jde hlavn\u011b o pozn\u00e1v\u00e1n\u00ed ur\u010dit\u00e9 zem\u011b. Jsou ale lid\u00e9, kte\u0159\u00ed nemaj\u00ed r\u00e1di teplo a jezd\u00ed na dovolenou v\u00fdhradn\u011b na hory. Maj\u00ed r\u00e1di to zimn\u00ed po\u010das\u00ed a je to pro n\u011b p\u0159\u00edjemn\u00e9. Nav\u00edc se zimou se poj\u00ed r\u016fzn\u00e9 zimn\u00ed sporty, tak\u017ee lid\u00e9 jezd\u00ed ly\u017eovat a u\u017e\u00edvat si sn\u011bhu, kdy\u017e my ho tady moc bohu\u017eel nem\u00e1me. Je to ale logick\u00e9, v\u011bt\u0161inou lid\u00e9 jezd\u00ed tam, kde uvid\u00ed n\u011bco, co my tady nem\u00e1me.Proto jsou to takov\u00e9 extr\u00e9my, bu\u010f to jsou toti\u017e hory nebo mo\u0159e. Oboj\u00ed tady nem\u00e1me a sn\u00edh jsme nevid\u011bli kdo v\u00ed kdy, proto si lid\u00e9 vyb\u00edraj\u00ed takov\u00e9 extr\u00e9my. Kdy\u017e se vyd\u00e1te na hory, mus\u00edte se zabalit d\u016fkladn\u011bji, ne\u017e kdybyste jeli n\u011bkam k mo\u0159i, proto\u017ee u mo\u0159e toho oble\u010den\u00ed moc nepot\u0159ebujete, nav\u00edc si tam v\u0161e m\u016f\u017eete v okol\u00ed koupit, na hor\u00e1ch asi moc ne. Proto se mus\u00edte po\u0159\u00e1dn\u011b teple zabalit, zabalit si kari traa kab\u00e1t, n\u011bjak\u00e9 tepl\u00e9 kalhoty, mikiny, pono\u017eky a samoz\u0159ejm\u011b vybrat vhodnou obuv, kter\u00e1 v\u00e1m bude chr\u00e1nit nohy p\u0159ed chladem a sn\u011bhem.                                                                                                                                                                                                                                                                                                                                                                                          4.5\/5 - (6 votes)        "},{"@context":"https:\/\/schema.org\/","@type":"BreadcrumbList","itemListElement":[{"@type":"ListItem","position":1,"name":"Vydejte se na hory!","item":"https:\/\/www.graether.cz\/vydejte-se-na-hory\/#breadcrumbitem"}]}]